{"id":5829,"date":"2021-06-04T17:44:05","date_gmt":"2021-06-04T17:44:05","guid":{"rendered":"http:\/\/localhost:8888\/mlaw\/\/?p=5829"},"modified":"2022-03-26T08:01:10","modified_gmt":"2022-03-26T08:01:10","slug":"prokuraerteilung-nach-serbischem-recht","status":"publish","type":"post","link":"https:\/\/mlaw.rs\/de\/prokuraerteilung-nach-serbischem-recht\/","title":{"rendered":"Prokuraerteilung nach serbischem Recht"},"content":{"rendered":"<p>&nbsp;<\/p>\n<p>Prokuraerteilung nach serbischem Recht. Sowohl im deutschen Recht als auch im serbischen <a href=\"https:\/\/www.paragraf.rs\/propisi\/zakon_o_privrednim_drustvima.html\">Gesellschaftsgesetz<\/a> stellt <strong>die Prokura<\/strong> eine gesch\u00e4ftliche Vollmacht dar, womit die Gesellschaft eine oder mehrere nat\u00fcrliche Personen (Prokuristen) bevollm\u00e4chtigt, in ihrem Namen und auf ihre Rechnung die Rechtsgesch\u00e4fte abzuschlie\u00dfen und andere Rechtshandlungen vorzunehmen.<\/p>\n<p>&nbsp;<\/p>\n<p>Die Prokura ist nicht \u00fcbertragbar bzw. ein Prokurist kann die Vertretungsvollmacht auf eine andere Person nicht \u00fcbertragen. Bei der Gesellschaft mit beschr\u00e4nkter Haftung (GmbH) entscheidet der Gesch\u00e4ftsf\u00fchrer \u00fcber die Prokuraerteilung.<\/p>\n<p>&nbsp;<\/p>\n<p><strong>Die Beschr\u00e4nkungen der Prokura sind wie folgt geregelt<\/strong><\/p>\n<p>&nbsp;<\/p>\n<p>Ohne besondere Befugnis kann ein Prokurist:<\/p>\n<ol>\n<li>keine Rechtsgesch\u00e4fte abschlie\u00dfen und keine Rechtshandlungen bez\u00fcglich des Erwerbes, der Ver\u00e4u\u00dferung oder der Belastung von Liegenschaften, Anteilen und Aktien vornehmen, die die Gesellschaft an anderen Rechtssubjekten h\u00e4lt;<\/li>\n<li>keine Verbindlichkeiten aus der Ausstellung von Wechseln und aus Haftungen \u00fcbernehmen;<\/li>\n<li>keine Darlehens- und Kreditvertr\u00e4ge abschlie\u00dfen;<\/li>\n<li>die Gesellschaft in den Gerichts- oder Schiedsverfahren nicht vertreten.<\/li>\n<\/ol>\n<p>&nbsp;<\/p>\n<p>Alle anderen Beschr\u00e4nkungen einer Prokura haben keine Wirkung gegen\u00fcber Dritten. Die Befugnisse eines Prokuristen k\u00f6nnen durch Kollektivunterschrift des gesetzlichen Vertreters der Gesellschaft beschr\u00e4nkt werden (<em>Artikel 38 des Gesellschaftsgesetzes<\/em>).<\/p>\n<p>&nbsp;<\/p>\n<p>Wenn es sich um die Haftung eines Prokuristen handelt, haftet er nur f\u00fcr den Schaden, den er der Gesellschaft durch die \u00dcberschreitung seiner Befugnisse zuf\u00fcgt.<\/p>\n<p>&nbsp;<\/p>\n<p>Der Prokurist kann ohne besondere Befugnis weder als eine andere Vertragspartei auftreten noch in seinem Namen und auf seine Rechnung sowie in seinem Namen und auf die Rechnung einer anderen Person noch im Namen und auf die Rechnung einer anderen Person mit einer Gesellschaft Vertr\u00e4ge abschlie\u00dfen.<\/p>\n<p>&nbsp;<\/p>\n<p>Das Bestehen oder die Begr\u00fcndung eines Arbeitsverh\u00e4ltnisses mit einem Prokuristen beeinflusst auf gar keine Art und Weise seine Ernennung.<\/p>\n<p>&nbsp;<\/p>\n<p>Sollten Sie Fragen haben oder weitere Informationen \u00fcber die Prokuraerteilung nach serbischem Recht ben\u00f6tigen, so k\u00f6nnen Sie uns jederzeit <a href=\"https:\/\/mlaw.rs\/\/de\/kontakt\/\">direkt kontaktieren<\/a>.<\/p>\n","protected":false},"excerpt":{"rendered":"<p>&nbsp; Prokuraerteilung nach serbischem Recht. Sowohl im deutschen Recht als auch im serbischen Gesellschaftsgesetz stellt die Prokura eine gesch\u00e4ftliche Vollmacht dar, womit die Gesellschaft eine oder mehrere nat\u00fcrliche Personen (Prokuristen) bevollm\u00e4chtigt, in ihrem Namen und auf ihre Rechnung die Rechtsgesch\u00e4fte abzuschlie\u00dfen und andere Rechtshandlungen vorzunehmen. &nbsp; Die Prokura ist nicht [&hellip;]<\/p>\n","protected":false},"author":1,"featured_media":5830,"comment_status":"open","ping_status":"open","sticky":false,"template":"","format":"standard","meta":{"inline_featured_image":false,"footnotes":""},"categories":[144],"tags":[],"class_list":["post-5829","post","type-post","status-publish","format-standard","has-post-thumbnail","hentry","category-pravni-stavovi-de"],"acf":[],"yoast_head":"<!-- This site is optimized with the Yoast SEO plugin v27.5 - https:\/\/yoast.com\/product\/yoast-seo-wordpress\/ -->\n<title>Prokura nach serbischem Recht<\/title>\n<meta name=\"description\" content=\"Sowohl im deutschen Recht als auch im serbischen Gesellschaftsgesetz stellt die Prokura eine gesch\u00e4ftliche Vollmacht dar.\" \/>\n<meta name=\"robots\" content=\"index, follow, max-snippet:-1, max-image-preview:large, max-video-preview:-1\" \/>\n<link rel=\"canonical\" href=\"https:\/\/mlaw.rs\/de\/prokuraerteilung-nach-serbischem-recht\/\" \/>\n<meta property=\"og:locale\" content=\"de_DE\" \/>\n<meta property=\"og:type\" content=\"article\" \/>\n<meta property=\"og:title\" content=\"Prokura nach serbischem Recht\" \/>\n<meta property=\"og:description\" content=\"Sowohl im deutschen Recht als auch im serbischen Gesellschaftsgesetz stellt die Prokura eine gesch\u00e4ftliche Vollmacht dar.\" \/>\n<meta property=\"og:url\" content=\"https:\/\/mlaw.rs\/de\/prokuraerteilung-nach-serbischem-recht\/\" \/>\n<meta property=\"og:site_name\" content=\"Advokatska kancelarija Mom\u010dilovi\u0107 Stankovi\u0107\" \/>\n<meta property=\"article:publisher\" content=\"https:\/\/www.facebook.com\/MomcilovicStankovic\" \/>\n<meta property=\"article:published_time\" content=\"2021-06-04T17:44:05+00:00\" \/>\n<meta property=\"article:modified_time\" content=\"2022-03-26T08:01:10+00:00\" \/>\n<meta property=\"og:image\" content=\"https:\/\/mlaw.rs\/wp-content\/uploads\/2021\/07\/prokura-scaled.jpg\" \/>\n\t<meta property=\"og:image:width\" content=\"2560\" \/>\n\t<meta property=\"og:image:height\" content=\"1706\" \/>\n\t<meta property=\"og:image:type\" content=\"image\/jpeg\" \/>\n<meta name=\"author\" content=\"akm_admin\" \/>\n<meta name=\"twitter:card\" content=\"summary_large_image\" \/>\n<meta name=\"twitter:label1\" content=\"Verfasst von\" \/>\n\t<meta name=\"twitter:data1\" content=\"akm_admin\" \/>\n\t<meta name=\"twitter:label2\" content=\"Gesch\u00e4tzte Lesezeit\" \/>\n\t<meta name=\"twitter:data2\" content=\"2\u00a0Minuten\" \/>\n<script type=\"application\/ld+json\" class=\"yoast-schema-graph\">{\"@context\":\"https:\\\/\\\/schema.org\",\"@graph\":[{\"@type\":\"Article\",\"@id\":\"https:\\\/\\\/mlaw.rs\\\/de\\\/prokuraerteilung-nach-serbischem-recht\\\/#article\",\"isPartOf\":{\"@id\":\"https:\\\/\\\/mlaw.rs\\\/de\\\/prokuraerteilung-nach-serbischem-recht\\\/\"},\"author\":{\"name\":\"akm_admin\",\"@id\":\"https:\\\/\\\/mlaw.rs\\\/#\\\/schema\\\/person\\\/f86f5880a3de990090b53d7ff769c92c\"},\"headline\":\"Prokuraerteilung nach serbischem Recht\",\"datePublished\":\"2021-06-04T17:44:05+00:00\",\"dateModified\":\"2022-03-26T08:01:10+00:00\",\"mainEntityOfPage\":{\"@id\":\"https:\\\/\\\/mlaw.rs\\\/de\\\/prokuraerteilung-nach-serbischem-recht\\\/\"},\"wordCount\":320,\"commentCount\":0,\"publisher\":{\"@id\":\"https:\\\/\\\/mlaw.rs\\\/#organization\"},\"image\":{\"@id\":\"https:\\\/\\\/mlaw.rs\\\/de\\\/prokuraerteilung-nach-serbischem-recht\\\/#primaryimage\"},\"thumbnailUrl\":\"https:\\\/\\\/mlaw.rs\\\/wp-content\\\/uploads\\\/2021\\\/07\\\/prokura-scaled.jpg\",\"articleSection\":[\"Pravni stavovi De\"],\"inLanguage\":\"de\",\"potentialAction\":[{\"@type\":\"CommentAction\",\"name\":\"Comment\",\"target\":[\"https:\\\/\\\/mlaw.rs\\\/de\\\/prokuraerteilung-nach-serbischem-recht\\\/#respond\"]}]},{\"@type\":\"WebPage\",\"@id\":\"https:\\\/\\\/mlaw.rs\\\/de\\\/prokuraerteilung-nach-serbischem-recht\\\/\",\"url\":\"https:\\\/\\\/mlaw.rs\\\/de\\\/prokuraerteilung-nach-serbischem-recht\\\/\",\"name\":\"Prokura nach serbischem Recht\",\"isPartOf\":{\"@id\":\"https:\\\/\\\/mlaw.rs\\\/#website\"},\"primaryImageOfPage\":{\"@id\":\"https:\\\/\\\/mlaw.rs\\\/de\\\/prokuraerteilung-nach-serbischem-recht\\\/#primaryimage\"},\"image\":{\"@id\":\"https:\\\/\\\/mlaw.rs\\\/de\\\/prokuraerteilung-nach-serbischem-recht\\\/#primaryimage\"},\"thumbnailUrl\":\"https:\\\/\\\/mlaw.rs\\\/wp-content\\\/uploads\\\/2021\\\/07\\\/prokura-scaled.jpg\",\"datePublished\":\"2021-06-04T17:44:05+00:00\",\"dateModified\":\"2022-03-26T08:01:10+00:00\",\"description\":\"Sowohl im deutschen Recht als auch im serbischen Gesellschaftsgesetz stellt die Prokura eine gesch\u00e4ftliche Vollmacht dar.\",\"breadcrumb\":{\"@id\":\"https:\\\/\\\/mlaw.rs\\\/de\\\/prokuraerteilung-nach-serbischem-recht\\\/#breadcrumb\"},\"inLanguage\":\"de\",\"potentialAction\":[{\"@type\":\"ReadAction\",\"target\":[\"https:\\\/\\\/mlaw.rs\\\/de\\\/prokuraerteilung-nach-serbischem-recht\\\/\"]}]},{\"@type\":\"ImageObject\",\"inLanguage\":\"de\",\"@id\":\"https:\\\/\\\/mlaw.rs\\\/de\\\/prokuraerteilung-nach-serbischem-recht\\\/#primaryimage\",\"url\":\"https:\\\/\\\/mlaw.rs\\\/wp-content\\\/uploads\\\/2021\\\/07\\\/prokura-scaled.jpg\",\"contentUrl\":\"https:\\\/\\\/mlaw.rs\\\/wp-content\\\/uploads\\\/2021\\\/07\\\/prokura-scaled.jpg\",\"width\":2560,\"height\":1706},{\"@type\":\"BreadcrumbList\",\"@id\":\"https:\\\/\\\/mlaw.rs\\\/de\\\/prokuraerteilung-nach-serbischem-recht\\\/#breadcrumb\",\"itemListElement\":[{\"@type\":\"ListItem\",\"position\":1,\"name\":\"\u041f\u043e\u0447\u0435\u0442\u043d\u0430\",\"item\":\"https:\\\/\\\/mlaw.rs\\\/de\\\/\"},{\"@type\":\"ListItem\",\"position\":2,\"name\":\"Prokuraerteilung nach serbischem Recht\"}]},{\"@type\":\"WebSite\",\"@id\":\"https:\\\/\\\/mlaw.rs\\\/#website\",\"url\":\"https:\\\/\\\/mlaw.rs\\\/\",\"name\":\"Advokatska kancelarija Mom\u010dilovi\u0107 Stankovi\u0107\",\"description\":\"Advokatska kancelarija Mom\u010dilovi\u0107 Stankovi\u0107\",\"publisher\":{\"@id\":\"https:\\\/\\\/mlaw.rs\\\/#organization\"},\"potentialAction\":[{\"@type\":\"SearchAction\",\"target\":{\"@type\":\"EntryPoint\",\"urlTemplate\":\"https:\\\/\\\/mlaw.rs\\\/?s={search_term_string}\"},\"query-input\":{\"@type\":\"PropertyValueSpecification\",\"valueRequired\":true,\"valueName\":\"search_term_string\"}}],\"inLanguage\":\"de\"},{\"@type\":\"Organization\",\"@id\":\"https:\\\/\\\/mlaw.rs\\\/#organization\",\"name\":\"Advokatska kancelarija Mom\u010dilovi\u0107 Stankovi\u0107\",\"url\":\"https:\\\/\\\/mlaw.rs\\\/\",\"logo\":{\"@type\":\"ImageObject\",\"inLanguage\":\"de\",\"@id\":\"https:\\\/\\\/mlaw.rs\\\/#\\\/schema\\\/logo\\\/image\\\/\",\"url\":\"https:\\\/\\\/mlaw.rs\\\/wp-content\\\/uploads\\\/2024\\\/01\\\/cropped-Screenshot-2024-01-06-at-12.41.19.png\",\"contentUrl\":\"https:\\\/\\\/mlaw.rs\\\/wp-content\\\/uploads\\\/2024\\\/01\\\/cropped-Screenshot-2024-01-06-at-12.41.19.png\",\"width\":512,\"height\":512,\"caption\":\"Advokatska kancelarija Mom\u010dilovi\u0107 Stankovi\u0107\"},\"image\":{\"@id\":\"https:\\\/\\\/mlaw.rs\\\/#\\\/schema\\\/logo\\\/image\\\/\"},\"sameAs\":[\"https:\\\/\\\/www.facebook.com\\\/MomcilovicStankovic\",\"https:\\\/\\\/www.linkedin.com\\\/company\\\/advokatska-kancelarija-mom\u010dilovi\u0107\"]},{\"@type\":\"Person\",\"@id\":\"https:\\\/\\\/mlaw.rs\\\/#\\\/schema\\\/person\\\/f86f5880a3de990090b53d7ff769c92c\",\"name\":\"akm_admin\",\"image\":{\"@type\":\"ImageObject\",\"inLanguage\":\"de\",\"@id\":\"https:\\\/\\\/secure.gravatar.com\\\/avatar\\\/17dadfe47c2b24cccb017546a1fd6385055336206111d59d87ea66a51fa1162a?s=96&d=mm&r=g\",\"url\":\"https:\\\/\\\/secure.gravatar.com\\\/avatar\\\/17dadfe47c2b24cccb017546a1fd6385055336206111d59d87ea66a51fa1162a?s=96&d=mm&r=g\",\"contentUrl\":\"https:\\\/\\\/secure.gravatar.com\\\/avatar\\\/17dadfe47c2b24cccb017546a1fd6385055336206111d59d87ea66a51fa1162a?s=96&d=mm&r=g\",\"caption\":\"akm_admin\"},\"sameAs\":[\"https:\\\/\\\/mlaw.rs\\\/\"]}]}<\/script>\n<!-- \/ Yoast SEO plugin. -->","yoast_head_json":{"title":"Prokura nach serbischem Recht","description":"Sowohl im deutschen Recht als auch im serbischen Gesellschaftsgesetz stellt die Prokura eine gesch\u00e4ftliche Vollmacht dar.","robots":{"index":"index","follow":"follow","max-snippet":"max-snippet:-1","max-image-preview":"max-image-preview:large","max-video-preview":"max-video-preview:-1"},"canonical":"https:\/\/mlaw.rs\/de\/prokuraerteilung-nach-serbischem-recht\/","og_locale":"de_DE","og_type":"article","og_title":"Prokura nach serbischem Recht","og_description":"Sowohl im deutschen Recht als auch im serbischen Gesellschaftsgesetz stellt die Prokura eine gesch\u00e4ftliche Vollmacht dar.","og_url":"https:\/\/mlaw.rs\/de\/prokuraerteilung-nach-serbischem-recht\/","og_site_name":"Advokatska kancelarija Mom\u010dilovi\u0107 Stankovi\u0107","article_publisher":"https:\/\/www.facebook.com\/MomcilovicStankovic","article_published_time":"2021-06-04T17:44:05+00:00","article_modified_time":"2022-03-26T08:01:10+00:00","og_image":[{"width":2560,"height":1706,"url":"https:\/\/mlaw.rs\/wp-content\/uploads\/2021\/07\/prokura-scaled.jpg","type":"image\/jpeg"}],"author":"akm_admin","twitter_card":"summary_large_image","twitter_misc":{"Verfasst von":"akm_admin","Gesch\u00e4tzte Lesezeit":"2\u00a0Minuten"},"schema":{"@context":"https:\/\/schema.org","@graph":[{"@type":"Article","@id":"https:\/\/mlaw.rs\/de\/prokuraerteilung-nach-serbischem-recht\/#article","isPartOf":{"@id":"https:\/\/mlaw.rs\/de\/prokuraerteilung-nach-serbischem-recht\/"},"author":{"name":"akm_admin","@id":"https:\/\/mlaw.rs\/#\/schema\/person\/f86f5880a3de990090b53d7ff769c92c"},"headline":"Prokuraerteilung nach serbischem Recht","datePublished":"2021-06-04T17:44:05+00:00","dateModified":"2022-03-26T08:01:10+00:00","mainEntityOfPage":{"@id":"https:\/\/mlaw.rs\/de\/prokuraerteilung-nach-serbischem-recht\/"},"wordCount":320,"commentCount":0,"publisher":{"@id":"https:\/\/mlaw.rs\/#organization"},"image":{"@id":"https:\/\/mlaw.rs\/de\/prokuraerteilung-nach-serbischem-recht\/#primaryimage"},"thumbnailUrl":"https:\/\/mlaw.rs\/wp-content\/uploads\/2021\/07\/prokura-scaled.jpg","articleSection":["Pravni stavovi De"],"inLanguage":"de","potentialAction":[{"@type":"CommentAction","name":"Comment","target":["https:\/\/mlaw.rs\/de\/prokuraerteilung-nach-serbischem-recht\/#respond"]}]},{"@type":"WebPage","@id":"https:\/\/mlaw.rs\/de\/prokuraerteilung-nach-serbischem-recht\/","url":"https:\/\/mlaw.rs\/de\/prokuraerteilung-nach-serbischem-recht\/","name":"Prokura nach serbischem Recht","isPartOf":{"@id":"https:\/\/mlaw.rs\/#website"},"primaryImageOfPage":{"@id":"https:\/\/mlaw.rs\/de\/prokuraerteilung-nach-serbischem-recht\/#primaryimage"},"image":{"@id":"https:\/\/mlaw.rs\/de\/prokuraerteilung-nach-serbischem-recht\/#primaryimage"},"thumbnailUrl":"https:\/\/mlaw.rs\/wp-content\/uploads\/2021\/07\/prokura-scaled.jpg","datePublished":"2021-06-04T17:44:05+00:00","dateModified":"2022-03-26T08:01:10+00:00","description":"Sowohl im deutschen Recht als auch im serbischen Gesellschaftsgesetz stellt die Prokura eine gesch\u00e4ftliche Vollmacht dar.","breadcrumb":{"@id":"https:\/\/mlaw.rs\/de\/prokuraerteilung-nach-serbischem-recht\/#breadcrumb"},"inLanguage":"de","potentialAction":[{"@type":"ReadAction","target":["https:\/\/mlaw.rs\/de\/prokuraerteilung-nach-serbischem-recht\/"]}]},{"@type":"ImageObject","inLanguage":"de","@id":"https:\/\/mlaw.rs\/de\/prokuraerteilung-nach-serbischem-recht\/#primaryimage","url":"https:\/\/mlaw.rs\/wp-content\/uploads\/2021\/07\/prokura-scaled.jpg","contentUrl":"https:\/\/mlaw.rs\/wp-content\/uploads\/2021\/07\/prokura-scaled.jpg","width":2560,"height":1706},{"@type":"BreadcrumbList","@id":"https:\/\/mlaw.rs\/de\/prokuraerteilung-nach-serbischem-recht\/#breadcrumb","itemListElement":[{"@type":"ListItem","position":1,"name":"\u041f\u043e\u0447\u0435\u0442\u043d\u0430","item":"https:\/\/mlaw.rs\/de\/"},{"@type":"ListItem","position":2,"name":"Prokuraerteilung nach serbischem Recht"}]},{"@type":"WebSite","@id":"https:\/\/mlaw.rs\/#website","url":"https:\/\/mlaw.rs\/","name":"Advokatska kancelarija Mom\u010dilovi\u0107 Stankovi\u0107","description":"Advokatska kancelarija Mom\u010dilovi\u0107 Stankovi\u0107","publisher":{"@id":"https:\/\/mlaw.rs\/#organization"},"potentialAction":[{"@type":"SearchAction","target":{"@type":"EntryPoint","urlTemplate":"https:\/\/mlaw.rs\/?s={search_term_string}"},"query-input":{"@type":"PropertyValueSpecification","valueRequired":true,"valueName":"search_term_string"}}],"inLanguage":"de"},{"@type":"Organization","@id":"https:\/\/mlaw.rs\/#organization","name":"Advokatska kancelarija Mom\u010dilovi\u0107 Stankovi\u0107","url":"https:\/\/mlaw.rs\/","logo":{"@type":"ImageObject","inLanguage":"de","@id":"https:\/\/mlaw.rs\/#\/schema\/logo\/image\/","url":"https:\/\/mlaw.rs\/wp-content\/uploads\/2024\/01\/cropped-Screenshot-2024-01-06-at-12.41.19.png","contentUrl":"https:\/\/mlaw.rs\/wp-content\/uploads\/2024\/01\/cropped-Screenshot-2024-01-06-at-12.41.19.png","width":512,"height":512,"caption":"Advokatska kancelarija Mom\u010dilovi\u0107 Stankovi\u0107"},"image":{"@id":"https:\/\/mlaw.rs\/#\/schema\/logo\/image\/"},"sameAs":["https:\/\/www.facebook.com\/MomcilovicStankovic","https:\/\/www.linkedin.com\/company\/advokatska-kancelarija-mom\u010dilovi\u0107"]},{"@type":"Person","@id":"https:\/\/mlaw.rs\/#\/schema\/person\/f86f5880a3de990090b53d7ff769c92c","name":"akm_admin","image":{"@type":"ImageObject","inLanguage":"de","@id":"https:\/\/secure.gravatar.com\/avatar\/17dadfe47c2b24cccb017546a1fd6385055336206111d59d87ea66a51fa1162a?s=96&d=mm&r=g","url":"https:\/\/secure.gravatar.com\/avatar\/17dadfe47c2b24cccb017546a1fd6385055336206111d59d87ea66a51fa1162a?s=96&d=mm&r=g","contentUrl":"https:\/\/secure.gravatar.com\/avatar\/17dadfe47c2b24cccb017546a1fd6385055336206111d59d87ea66a51fa1162a?s=96&d=mm&r=g","caption":"akm_admin"},"sameAs":["https:\/\/mlaw.rs\/"]}]}},"_links":{"self":[{"href":"https:\/\/mlaw.rs\/de\/wp-json\/wp\/v2\/posts\/5829","targetHints":{"allow":["GET"]}}],"collection":[{"href":"https:\/\/mlaw.rs\/de\/wp-json\/wp\/v2\/posts"}],"about":[{"href":"https:\/\/mlaw.rs\/de\/wp-json\/wp\/v2\/types\/post"}],"author":[{"embeddable":true,"href":"https:\/\/mlaw.rs\/de\/wp-json\/wp\/v2\/users\/1"}],"replies":[{"embeddable":true,"href":"https:\/\/mlaw.rs\/de\/wp-json\/wp\/v2\/comments?post=5829"}],"version-history":[{"count":4,"href":"https:\/\/mlaw.rs\/de\/wp-json\/wp\/v2\/posts\/5829\/revisions"}],"predecessor-version":[{"id":6450,"href":"https:\/\/mlaw.rs\/de\/wp-json\/wp\/v2\/posts\/5829\/revisions\/6450"}],"wp:featuredmedia":[{"embeddable":true,"href":"https:\/\/mlaw.rs\/de\/wp-json\/wp\/v2\/media\/5830"}],"wp:attachment":[{"href":"https:\/\/mlaw.rs\/de\/wp-json\/wp\/v2\/media?parent=5829"}],"wp:term":[{"taxonomy":"category","embeddable":true,"href":"https:\/\/mlaw.rs\/de\/wp-json\/wp\/v2\/categories?post=5829"},{"taxonomy":"post_tag","embeddable":true,"href":"https:\/\/mlaw.rs\/de\/wp-json\/wp\/v2\/tags?post=5829"}],"curies":[{"name":"wp","href":"https:\/\/api.w.org\/{rel}","templated":true}]}}