{"id":7041,"date":"2022-12-13T10:17:08","date_gmt":"2022-12-13T10:17:08","guid":{"rendered":"http:\/\/localhost:8888\/mlaw\/\/?p=7041"},"modified":"2022-12-13T10:17:08","modified_gmt":"2022-12-13T10:17:08","slug":"rechtsentwicklung-in-serbien-und-montenegro-neue-justiz","status":"publish","type":"post","link":"https:\/\/mlaw.rs\/de\/rechtsentwicklung-in-serbien-und-montenegro-neue-justiz\/","title":{"rendered":"Rechtsentwicklung in Serbien und Montenegro (Neue Justiz)"},"content":{"rendered":"<p><span style=\"color: #ffffff;\">Rechtsentwicklung in Serbien und Montenegro (Neue Justiz)<\/span><\/p>\n<p>Unsere Kanzlei setzt sich in Serbien aktiv f\u00fcr die Rechtsstaatlichkeit und demokratische Entwicklung ein. Lesen Sie in der Leipziger Fachzeitschrift <a href=\"https:\/\/www.nomos.de\/zeitschriften\/neue-justiz\/\" target=\"_blank\" rel=\"noopener\">Neue Justiz<\/a> den \u00dcberblick unseres Rechtsanwalts <a href=\"https:\/\/mlaw.rs\/\/members\/dr-luka-breneselovic-ll-m\/\" target=\"_blank\" rel=\"noopener\">Dr. Luka Breneselovi\u0107<\/a> \u00fcber die neusten Verfassungs\u00e4nderungen in Serbien.<\/p>\n<p>&nbsp;<\/p>\n<p>Schl\u00fcsselw\u00f6rter:<\/p>\n<ul>\n<li>Verfassungs\u00e4nderungen<\/li>\n<li>Richterwahl<\/li>\n<li>Benennung des Staatsanw\u00e4lte<\/li>\n<li>Sicherung der richterlichen Unabh\u00e4ngigkeit<\/li>\n<\/ul>\n<p>&nbsp;<\/p>\n<p>Den kompletten Beitrag \u00a0k\u00f6nnen Sie <a href=\"https:\/\/www.nomos.de\/wp-content\/uploads\/2022\/11\/Aufsatz_NJ_2022_10_Usvatov_Muharemovic.pdf\" target=\"_blank\" rel=\"noopener\">hier<\/a> lesen.<\/p>\n<p>&nbsp;<\/p>\n<p>&nbsp;<\/p>\n","protected":false},"excerpt":{"rendered":"<p>Rechtsentwicklung in Serbien und Montenegro (Neue Justiz) Unsere Kanzlei setzt sich in Serbien aktiv f\u00fcr die Rechtsstaatlichkeit und demokratische Entwicklung ein. Lesen Sie in der Leipziger Fachzeitschrift Neue Justiz den \u00dcberblick unseres Rechtsanwalts Dr. Luka Breneselovi\u0107 \u00fcber die neusten Verfassungs\u00e4nderungen in Serbien. &nbsp; Schl\u00fcsselw\u00f6rter: Verfassungs\u00e4nderungen Richterwahl Benennung des Staatsanw\u00e4lte Sicherung [&hellip;]<\/p>\n","protected":false},"author":1,"featured_media":7042,"comment_status":"open","ping_status":"open","sticky":false,"template":"","format":"standard","meta":{"inline_featured_image":false,"footnotes":""},"categories":[141],"tags":[],"class_list":["post-7041","post","type-post","status-publish","format-standard","has-post-thumbnail","hentry","category-vesti-de"],"acf":[],"yoast_head":"<!-- This site is optimized with the Yoast SEO plugin v27.5 - https:\/\/yoast.com\/product\/yoast-seo-wordpress\/ -->\n<title>Rechtsentwicklung in Serbien und Montenegro (Neue Justiz) - Advokatska kancelarija Mom\u010dilovi\u0107 Stankovi\u0107<\/title>\n<meta name=\"description\" content=\"Rechtsentwicklung in Serbien und Montenegro: lesen Sie in Neue Justiz den \u00dcberblick unseres Rechtsanwalts Dr. Luka Breneselovi\u0107\" \/>\n<meta name=\"robots\" content=\"index, follow, max-snippet:-1, max-image-preview:large, max-video-preview:-1\" \/>\n<link rel=\"canonical\" href=\"https:\/\/mlaw.rs\/de\/rechtsentwicklung-in-serbien-und-montenegro-neue-justiz\/\" \/>\n<meta property=\"og:locale\" content=\"de_DE\" \/>\n<meta property=\"og:type\" content=\"article\" \/>\n<meta property=\"og:title\" content=\"Rechtsentwicklung in Serbien und Montenegro (Neue Justiz) - Advokatska kancelarija Mom\u010dilovi\u0107 Stankovi\u0107\" \/>\n<meta property=\"og:description\" content=\"Rechtsentwicklung in Serbien und Montenegro: lesen Sie in Neue Justiz den \u00dcberblick unseres Rechtsanwalts Dr. Luka Breneselovi\u0107\" \/>\n<meta property=\"og:url\" content=\"https:\/\/mlaw.rs\/de\/rechtsentwicklung-in-serbien-und-montenegro-neue-justiz\/\" \/>\n<meta property=\"og:site_name\" content=\"Advokatska kancelarija Mom\u010dilovi\u0107 Stankovi\u0107\" \/>\n<meta property=\"article:publisher\" content=\"https:\/\/www.facebook.com\/MomcilovicStankovic\" \/>\n<meta property=\"article:published_time\" content=\"2022-12-13T10:17:08+00:00\" \/>\n<meta property=\"og:image\" content=\"https:\/\/mlaw.rs\/wp-content\/uploads\/2022\/12\/alex-lvrs-Md6_qA-BMis-unsplash-1-scaled.jpg\" \/>\n\t<meta property=\"og:image:width\" content=\"2560\" \/>\n\t<meta property=\"og:image:height\" content=\"1707\" \/>\n\t<meta property=\"og:image:type\" content=\"image\/jpeg\" \/>\n<meta name=\"author\" content=\"akm_admin\" \/>\n<meta name=\"twitter:card\" content=\"summary_large_image\" \/>\n<meta name=\"twitter:label1\" content=\"Verfasst von\" \/>\n\t<meta name=\"twitter:data1\" content=\"akm_admin\" \/>\n<script type=\"application\/ld+json\" class=\"yoast-schema-graph\">{\"@context\":\"https:\\\/\\\/schema.org\",\"@graph\":[{\"@type\":\"Article\",\"@id\":\"https:\\\/\\\/mlaw.rs\\\/de\\\/rechtsentwicklung-in-serbien-und-montenegro-neue-justiz\\\/#article\",\"isPartOf\":{\"@id\":\"https:\\\/\\\/mlaw.rs\\\/de\\\/rechtsentwicklung-in-serbien-und-montenegro-neue-justiz\\\/\"},\"author\":{\"name\":\"akm_admin\",\"@id\":\"https:\\\/\\\/mlaw.rs\\\/#\\\/schema\\\/person\\\/f86f5880a3de990090b53d7ff769c92c\"},\"headline\":\"Rechtsentwicklung in Serbien und Montenegro (Neue Justiz)\",\"datePublished\":\"2022-12-13T10:17:08+00:00\",\"mainEntityOfPage\":{\"@id\":\"https:\\\/\\\/mlaw.rs\\\/de\\\/rechtsentwicklung-in-serbien-und-montenegro-neue-justiz\\\/\"},\"wordCount\":78,\"commentCount\":0,\"publisher\":{\"@id\":\"https:\\\/\\\/mlaw.rs\\\/#organization\"},\"image\":{\"@id\":\"https:\\\/\\\/mlaw.rs\\\/de\\\/rechtsentwicklung-in-serbien-und-montenegro-neue-justiz\\\/#primaryimage\"},\"thumbnailUrl\":\"https:\\\/\\\/mlaw.rs\\\/wp-content\\\/uploads\\\/2022\\\/12\\\/alex-lvrs-Md6_qA-BMis-unsplash-1-scaled.jpg\",\"articleSection\":[\"Vesti De\"],\"inLanguage\":\"de\",\"potentialAction\":[{\"@type\":\"CommentAction\",\"name\":\"Comment\",\"target\":[\"https:\\\/\\\/mlaw.rs\\\/de\\\/rechtsentwicklung-in-serbien-und-montenegro-neue-justiz\\\/#respond\"]}]},{\"@type\":\"WebPage\",\"@id\":\"https:\\\/\\\/mlaw.rs\\\/de\\\/rechtsentwicklung-in-serbien-und-montenegro-neue-justiz\\\/\",\"url\":\"https:\\\/\\\/mlaw.rs\\\/de\\\/rechtsentwicklung-in-serbien-und-montenegro-neue-justiz\\\/\",\"name\":\"Rechtsentwicklung in Serbien und Montenegro (Neue Justiz) - Advokatska kancelarija Mom\u010dilovi\u0107 Stankovi\u0107\",\"isPartOf\":{\"@id\":\"https:\\\/\\\/mlaw.rs\\\/#website\"},\"primaryImageOfPage\":{\"@id\":\"https:\\\/\\\/mlaw.rs\\\/de\\\/rechtsentwicklung-in-serbien-und-montenegro-neue-justiz\\\/#primaryimage\"},\"image\":{\"@id\":\"https:\\\/\\\/mlaw.rs\\\/de\\\/rechtsentwicklung-in-serbien-und-montenegro-neue-justiz\\\/#primaryimage\"},\"thumbnailUrl\":\"https:\\\/\\\/mlaw.rs\\\/wp-content\\\/uploads\\\/2022\\\/12\\\/alex-lvrs-Md6_qA-BMis-unsplash-1-scaled.jpg\",\"datePublished\":\"2022-12-13T10:17:08+00:00\",\"description\":\"Rechtsentwicklung in Serbien und Montenegro: lesen Sie in Neue Justiz den \u00dcberblick unseres Rechtsanwalts Dr. Luka Breneselovi\u0107\",\"breadcrumb\":{\"@id\":\"https:\\\/\\\/mlaw.rs\\\/de\\\/rechtsentwicklung-in-serbien-und-montenegro-neue-justiz\\\/#breadcrumb\"},\"inLanguage\":\"de\",\"potentialAction\":[{\"@type\":\"ReadAction\",\"target\":[\"https:\\\/\\\/mlaw.rs\\\/de\\\/rechtsentwicklung-in-serbien-und-montenegro-neue-justiz\\\/\"]}]},{\"@type\":\"ImageObject\",\"inLanguage\":\"de\",\"@id\":\"https:\\\/\\\/mlaw.rs\\\/de\\\/rechtsentwicklung-in-serbien-und-montenegro-neue-justiz\\\/#primaryimage\",\"url\":\"https:\\\/\\\/mlaw.rs\\\/wp-content\\\/uploads\\\/2022\\\/12\\\/alex-lvrs-Md6_qA-BMis-unsplash-1-scaled.jpg\",\"contentUrl\":\"https:\\\/\\\/mlaw.rs\\\/wp-content\\\/uploads\\\/2022\\\/12\\\/alex-lvrs-Md6_qA-BMis-unsplash-1-scaled.jpg\",\"width\":2560,\"height\":1707},{\"@type\":\"BreadcrumbList\",\"@id\":\"https:\\\/\\\/mlaw.rs\\\/de\\\/rechtsentwicklung-in-serbien-und-montenegro-neue-justiz\\\/#breadcrumb\",\"itemListElement\":[{\"@type\":\"ListItem\",\"position\":1,\"name\":\"\u041f\u043e\u0447\u0435\u0442\u043d\u0430\",\"item\":\"https:\\\/\\\/mlaw.rs\\\/de\\\/\"},{\"@type\":\"ListItem\",\"position\":2,\"name\":\"Rechtsentwicklung in Serbien und Montenegro (Neue Justiz)\"}]},{\"@type\":\"WebSite\",\"@id\":\"https:\\\/\\\/mlaw.rs\\\/#website\",\"url\":\"https:\\\/\\\/mlaw.rs\\\/\",\"name\":\"Advokatska kancelarija Mom\u010dilovi\u0107 Stankovi\u0107\",\"description\":\"Advokatska kancelarija Mom\u010dilovi\u0107 Stankovi\u0107\",\"publisher\":{\"@id\":\"https:\\\/\\\/mlaw.rs\\\/#organization\"},\"potentialAction\":[{\"@type\":\"SearchAction\",\"target\":{\"@type\":\"EntryPoint\",\"urlTemplate\":\"https:\\\/\\\/mlaw.rs\\\/?s={search_term_string}\"},\"query-input\":{\"@type\":\"PropertyValueSpecification\",\"valueRequired\":true,\"valueName\":\"search_term_string\"}}],\"inLanguage\":\"de\"},{\"@type\":\"Organization\",\"@id\":\"https:\\\/\\\/mlaw.rs\\\/#organization\",\"name\":\"Advokatska kancelarija Mom\u010dilovi\u0107 Stankovi\u0107\",\"url\":\"https:\\\/\\\/mlaw.rs\\\/\",\"logo\":{\"@type\":\"ImageObject\",\"inLanguage\":\"de\",\"@id\":\"https:\\\/\\\/mlaw.rs\\\/#\\\/schema\\\/logo\\\/image\\\/\",\"url\":\"https:\\\/\\\/mlaw.rs\\\/wp-content\\\/uploads\\\/2024\\\/01\\\/cropped-Screenshot-2024-01-06-at-12.41.19.png\",\"contentUrl\":\"https:\\\/\\\/mlaw.rs\\\/wp-content\\\/uploads\\\/2024\\\/01\\\/cropped-Screenshot-2024-01-06-at-12.41.19.png\",\"width\":512,\"height\":512,\"caption\":\"Advokatska kancelarija Mom\u010dilovi\u0107 Stankovi\u0107\"},\"image\":{\"@id\":\"https:\\\/\\\/mlaw.rs\\\/#\\\/schema\\\/logo\\\/image\\\/\"},\"sameAs\":[\"https:\\\/\\\/www.facebook.com\\\/MomcilovicStankovic\",\"https:\\\/\\\/www.linkedin.com\\\/company\\\/advokatska-kancelarija-mom\u010dilovi\u0107\"]},{\"@type\":\"Person\",\"@id\":\"https:\\\/\\\/mlaw.rs\\\/#\\\/schema\\\/person\\\/f86f5880a3de990090b53d7ff769c92c\",\"name\":\"akm_admin\",\"image\":{\"@type\":\"ImageObject\",\"inLanguage\":\"de\",\"@id\":\"https:\\\/\\\/secure.gravatar.com\\\/avatar\\\/17dadfe47c2b24cccb017546a1fd6385055336206111d59d87ea66a51fa1162a?s=96&d=mm&r=g\",\"url\":\"https:\\\/\\\/secure.gravatar.com\\\/avatar\\\/17dadfe47c2b24cccb017546a1fd6385055336206111d59d87ea66a51fa1162a?s=96&d=mm&r=g\",\"contentUrl\":\"https:\\\/\\\/secure.gravatar.com\\\/avatar\\\/17dadfe47c2b24cccb017546a1fd6385055336206111d59d87ea66a51fa1162a?s=96&d=mm&r=g\",\"caption\":\"akm_admin\"},\"sameAs\":[\"https:\\\/\\\/mlaw.rs\\\/\"]}]}<\/script>\n<!-- \/ Yoast SEO plugin. -->","yoast_head_json":{"title":"Rechtsentwicklung in Serbien und Montenegro (Neue Justiz) - Advokatska kancelarija Mom\u010dilovi\u0107 Stankovi\u0107","description":"Rechtsentwicklung in Serbien und Montenegro: lesen Sie in Neue Justiz den \u00dcberblick unseres Rechtsanwalts Dr. Luka Breneselovi\u0107","robots":{"index":"index","follow":"follow","max-snippet":"max-snippet:-1","max-image-preview":"max-image-preview:large","max-video-preview":"max-video-preview:-1"},"canonical":"https:\/\/mlaw.rs\/de\/rechtsentwicklung-in-serbien-und-montenegro-neue-justiz\/","og_locale":"de_DE","og_type":"article","og_title":"Rechtsentwicklung in Serbien und Montenegro (Neue Justiz) - Advokatska kancelarija Mom\u010dilovi\u0107 Stankovi\u0107","og_description":"Rechtsentwicklung in Serbien und Montenegro: lesen Sie in Neue Justiz den \u00dcberblick unseres Rechtsanwalts Dr. Luka Breneselovi\u0107","og_url":"https:\/\/mlaw.rs\/de\/rechtsentwicklung-in-serbien-und-montenegro-neue-justiz\/","og_site_name":"Advokatska kancelarija Mom\u010dilovi\u0107 Stankovi\u0107","article_publisher":"https:\/\/www.facebook.com\/MomcilovicStankovic","article_published_time":"2022-12-13T10:17:08+00:00","og_image":[{"width":2560,"height":1707,"url":"https:\/\/mlaw.rs\/wp-content\/uploads\/2022\/12\/alex-lvrs-Md6_qA-BMis-unsplash-1-scaled.jpg","type":"image\/jpeg"}],"author":"akm_admin","twitter_card":"summary_large_image","twitter_misc":{"Verfasst von":"akm_admin"},"schema":{"@context":"https:\/\/schema.org","@graph":[{"@type":"Article","@id":"https:\/\/mlaw.rs\/de\/rechtsentwicklung-in-serbien-und-montenegro-neue-justiz\/#article","isPartOf":{"@id":"https:\/\/mlaw.rs\/de\/rechtsentwicklung-in-serbien-und-montenegro-neue-justiz\/"},"author":{"name":"akm_admin","@id":"https:\/\/mlaw.rs\/#\/schema\/person\/f86f5880a3de990090b53d7ff769c92c"},"headline":"Rechtsentwicklung in Serbien und Montenegro (Neue Justiz)","datePublished":"2022-12-13T10:17:08+00:00","mainEntityOfPage":{"@id":"https:\/\/mlaw.rs\/de\/rechtsentwicklung-in-serbien-und-montenegro-neue-justiz\/"},"wordCount":78,"commentCount":0,"publisher":{"@id":"https:\/\/mlaw.rs\/#organization"},"image":{"@id":"https:\/\/mlaw.rs\/de\/rechtsentwicklung-in-serbien-und-montenegro-neue-justiz\/#primaryimage"},"thumbnailUrl":"https:\/\/mlaw.rs\/wp-content\/uploads\/2022\/12\/alex-lvrs-Md6_qA-BMis-unsplash-1-scaled.jpg","articleSection":["Vesti De"],"inLanguage":"de","potentialAction":[{"@type":"CommentAction","name":"Comment","target":["https:\/\/mlaw.rs\/de\/rechtsentwicklung-in-serbien-und-montenegro-neue-justiz\/#respond"]}]},{"@type":"WebPage","@id":"https:\/\/mlaw.rs\/de\/rechtsentwicklung-in-serbien-und-montenegro-neue-justiz\/","url":"https:\/\/mlaw.rs\/de\/rechtsentwicklung-in-serbien-und-montenegro-neue-justiz\/","name":"Rechtsentwicklung in Serbien und Montenegro (Neue Justiz) - Advokatska kancelarija Mom\u010dilovi\u0107 Stankovi\u0107","isPartOf":{"@id":"https:\/\/mlaw.rs\/#website"},"primaryImageOfPage":{"@id":"https:\/\/mlaw.rs\/de\/rechtsentwicklung-in-serbien-und-montenegro-neue-justiz\/#primaryimage"},"image":{"@id":"https:\/\/mlaw.rs\/de\/rechtsentwicklung-in-serbien-und-montenegro-neue-justiz\/#primaryimage"},"thumbnailUrl":"https:\/\/mlaw.rs\/wp-content\/uploads\/2022\/12\/alex-lvrs-Md6_qA-BMis-unsplash-1-scaled.jpg","datePublished":"2022-12-13T10:17:08+00:00","description":"Rechtsentwicklung in Serbien und Montenegro: lesen Sie in Neue Justiz den \u00dcberblick unseres Rechtsanwalts Dr. Luka Breneselovi\u0107","breadcrumb":{"@id":"https:\/\/mlaw.rs\/de\/rechtsentwicklung-in-serbien-und-montenegro-neue-justiz\/#breadcrumb"},"inLanguage":"de","potentialAction":[{"@type":"ReadAction","target":["https:\/\/mlaw.rs\/de\/rechtsentwicklung-in-serbien-und-montenegro-neue-justiz\/"]}]},{"@type":"ImageObject","inLanguage":"de","@id":"https:\/\/mlaw.rs\/de\/rechtsentwicklung-in-serbien-und-montenegro-neue-justiz\/#primaryimage","url":"https:\/\/mlaw.rs\/wp-content\/uploads\/2022\/12\/alex-lvrs-Md6_qA-BMis-unsplash-1-scaled.jpg","contentUrl":"https:\/\/mlaw.rs\/wp-content\/uploads\/2022\/12\/alex-lvrs-Md6_qA-BMis-unsplash-1-scaled.jpg","width":2560,"height":1707},{"@type":"BreadcrumbList","@id":"https:\/\/mlaw.rs\/de\/rechtsentwicklung-in-serbien-und-montenegro-neue-justiz\/#breadcrumb","itemListElement":[{"@type":"ListItem","position":1,"name":"\u041f\u043e\u0447\u0435\u0442\u043d\u0430","item":"https:\/\/mlaw.rs\/de\/"},{"@type":"ListItem","position":2,"name":"Rechtsentwicklung in Serbien und Montenegro (Neue Justiz)"}]},{"@type":"WebSite","@id":"https:\/\/mlaw.rs\/#website","url":"https:\/\/mlaw.rs\/","name":"Advokatska kancelarija Mom\u010dilovi\u0107 Stankovi\u0107","description":"Advokatska kancelarija Mom\u010dilovi\u0107 Stankovi\u0107","publisher":{"@id":"https:\/\/mlaw.rs\/#organization"},"potentialAction":[{"@type":"SearchAction","target":{"@type":"EntryPoint","urlTemplate":"https:\/\/mlaw.rs\/?s={search_term_string}"},"query-input":{"@type":"PropertyValueSpecification","valueRequired":true,"valueName":"search_term_string"}}],"inLanguage":"de"},{"@type":"Organization","@id":"https:\/\/mlaw.rs\/#organization","name":"Advokatska kancelarija Mom\u010dilovi\u0107 Stankovi\u0107","url":"https:\/\/mlaw.rs\/","logo":{"@type":"ImageObject","inLanguage":"de","@id":"https:\/\/mlaw.rs\/#\/schema\/logo\/image\/","url":"https:\/\/mlaw.rs\/wp-content\/uploads\/2024\/01\/cropped-Screenshot-2024-01-06-at-12.41.19.png","contentUrl":"https:\/\/mlaw.rs\/wp-content\/uploads\/2024\/01\/cropped-Screenshot-2024-01-06-at-12.41.19.png","width":512,"height":512,"caption":"Advokatska kancelarija Mom\u010dilovi\u0107 Stankovi\u0107"},"image":{"@id":"https:\/\/mlaw.rs\/#\/schema\/logo\/image\/"},"sameAs":["https:\/\/www.facebook.com\/MomcilovicStankovic","https:\/\/www.linkedin.com\/company\/advokatska-kancelarija-mom\u010dilovi\u0107"]},{"@type":"Person","@id":"https:\/\/mlaw.rs\/#\/schema\/person\/f86f5880a3de990090b53d7ff769c92c","name":"akm_admin","image":{"@type":"ImageObject","inLanguage":"de","@id":"https:\/\/secure.gravatar.com\/avatar\/17dadfe47c2b24cccb017546a1fd6385055336206111d59d87ea66a51fa1162a?s=96&d=mm&r=g","url":"https:\/\/secure.gravatar.com\/avatar\/17dadfe47c2b24cccb017546a1fd6385055336206111d59d87ea66a51fa1162a?s=96&d=mm&r=g","contentUrl":"https:\/\/secure.gravatar.com\/avatar\/17dadfe47c2b24cccb017546a1fd6385055336206111d59d87ea66a51fa1162a?s=96&d=mm&r=g","caption":"akm_admin"},"sameAs":["https:\/\/mlaw.rs\/"]}]}},"_links":{"self":[{"href":"https:\/\/mlaw.rs\/de\/wp-json\/wp\/v2\/posts\/7041","targetHints":{"allow":["GET"]}}],"collection":[{"href":"https:\/\/mlaw.rs\/de\/wp-json\/wp\/v2\/posts"}],"about":[{"href":"https:\/\/mlaw.rs\/de\/wp-json\/wp\/v2\/types\/post"}],"author":[{"embeddable":true,"href":"https:\/\/mlaw.rs\/de\/wp-json\/wp\/v2\/users\/1"}],"replies":[{"embeddable":true,"href":"https:\/\/mlaw.rs\/de\/wp-json\/wp\/v2\/comments?post=7041"}],"version-history":[{"count":3,"href":"https:\/\/mlaw.rs\/de\/wp-json\/wp\/v2\/posts\/7041\/revisions"}],"predecessor-version":[{"id":7047,"href":"https:\/\/mlaw.rs\/de\/wp-json\/wp\/v2\/posts\/7041\/revisions\/7047"}],"wp:featuredmedia":[{"embeddable":true,"href":"https:\/\/mlaw.rs\/de\/wp-json\/wp\/v2\/media\/7042"}],"wp:attachment":[{"href":"https:\/\/mlaw.rs\/de\/wp-json\/wp\/v2\/media?parent=7041"}],"wp:term":[{"taxonomy":"category","embeddable":true,"href":"https:\/\/mlaw.rs\/de\/wp-json\/wp\/v2\/categories?post=7041"},{"taxonomy":"post_tag","embeddable":true,"href":"https:\/\/mlaw.rs\/de\/wp-json\/wp\/v2\/tags?post=7041"}],"curies":[{"name":"wp","href":"https:\/\/api.w.org\/{rel}","templated":true}]}}