{"id":9059,"date":"2023-11-20T21:53:51","date_gmt":"2023-11-20T21:53:51","guid":{"rendered":"https:\/\/mlaw.rs\/ucesce-na-formiranju-odbora-za-automobilsku-industriju-i-mobilnost-ahk\/"},"modified":"2023-11-20T22:03:55","modified_gmt":"2023-11-20T22:03:55","slug":"ucesce-na-formiranju-odbora-za-automobilsku-industriju-i-mobilnost-ahk","status":"publish","type":"post","link":"https:\/\/mlaw.rs\/de\/ucesce-na-formiranju-odbora-za-automobilsku-industriju-i-mobilnost-ahk\/","title":{"rendered":"Teilnahme an der Bildung des Ausschusses f\u00fcr die Automobilindustrie und Mobilit\u00e4t AHK Serbien"},"content":{"rendered":"<p><span style=\"color: #ffffff;\">Ausschuss f\u00fcr die Automobilindustrie und Mobilit\u00e4t <\/span><\/p>\n<p><a href=\"https:\/\/mlaw.rs\/de\/\" target=\"_blank\" rel=\"noopener\">Die Anwaltskanzlei Mom\u010dilovi\u0107<\/a> nahm vergangene Woche an der ersten Sitzung des Ausschusses f\u00fcr die Automobilindustrie und Mobilit\u00e4t der <a href=\"https:\/\/serbien.ahk.de\" target=\"_blank\" rel=\"noopener\">Deutsch-Serbischen Wirtschaftskammer<\/a> teil. Aufgrund unserer Spezialisierung im Transportrecht unterst\u00fctzen wir aktiv die Bem\u00fchungen der Deutsch-Serbischen Wirtschaftskammer zur Weiterentwicklung der Automobilindustrie in Serbien.<\/p>\n<p>&nbsp;<\/p>\n<p>Diese Initiative des Ausschusses markiert einen bedeutenden Meilenstein in unserem gemeinsamen Streben, die Zukunft des Automobilsektors und der Mobilit\u00e4t mitzugestalten. Unsere Erfahrung in der Zusammenarbeit mit internationalen Mandanten aus diesem Bereich unterstreicht die Wichtigkeit und den Bedarf an der Entwicklung dieser Branche in Serbien.<\/p>\n<p>&nbsp;<\/p>\n<p>Die Gr\u00fcndung des Ausschusses unterstreicht unsere Anerkennung der dynamischen Herausforderungen und Chancen, denen wir uns gegen\u00fcbersehen. In einer \u00c4ra, die von raschen technologischen Fortschritten, Umweltbewusstsein und sich ver\u00e4ndernden Verbrauchererwartungen gepr\u00e4gt ist, steht die Automobilindustrie an einem Wendepunkt. Unsere Verantwortung besteht nicht nur darin, uns anzupassen, sondern aktiv zu f\u00fchren und einen Kurs zu gestalten, der auf den Prinzipien von Innovation, Nachhaltigkeit und Inklusivit\u00e4t basiert.<\/p>\n<p>&nbsp;<\/p>\n<p>W\u00e4hrend des Ausschusses wurde betont, dass neben E-Mobilit\u00e4t oder Fahrzeugen mit alternativen Kraftstoffen auch die Entwicklung intelligenter Infrastruktur sowie die F\u00f6rderung des \u00f6ffentlichen Verkehrs von entscheidender Bedeutung sind.<\/p>\n<p>&nbsp;<\/p>\n<p>\u201eAussch\u00fcsse sind das Herzst\u00fcck jeder Gesch\u00e4ftsvereinigung oder Kammer!\u201c, betonte Aleksandar Markus, Vorstandsmitglied der Deutsch-Serbischen Wirtschaftskammer. Neben unserer aktiven Rolle in diesem Ausschuss engagiert sich unsere Kanzlei auch im Rechtsausschuss sowie im Ausschuss f\u00fcr Digitalisierung der Deutsch-Serbischen Wirtschaftskammer.<\/p>\n<p style=\"font-weight: 400;\"><span style=\"color: #ffffff;\">Odbor za automobilsku industriju i mobilnost<\/span><\/p>\n<p style=\"font-weight: 400;\">\n","protected":false},"excerpt":{"rendered":"<p>Ausschuss f\u00fcr die Automobilindustrie und Mobilit\u00e4t Die Anwaltskanzlei Mom\u010dilovi\u0107 nahm vergangene Woche an der ersten Sitzung des Ausschusses f\u00fcr die Automobilindustrie und Mobilit\u00e4t der Deutsch-Serbischen Wirtschaftskammer teil. Aufgrund unserer Spezialisierung im Transportrecht unterst\u00fctzen wir aktiv die Bem\u00fchungen der Deutsch-Serbischen Wirtschaftskammer zur Weiterentwicklung der Automobilindustrie in Serbien. &nbsp; Diese Initiative des [&hellip;]<\/p>\n","protected":false},"author":1,"featured_media":9055,"comment_status":"open","ping_status":"open","sticky":false,"template":"","format":"standard","meta":{"inline_featured_image":false,"footnotes":""},"categories":[143,174],"tags":[],"class_list":["post-9059","post","type-post","status-publish","format-standard","has-post-thumbnail","hentry","category-dogadjaji-de","category-dogadjaji-de-2"],"acf":[],"yoast_head":"<!-- This site is optimized with the Yoast SEO plugin v27.5 - https:\/\/yoast.com\/product\/yoast-seo-wordpress\/ -->\n<title>Teilnahme an der Bildung des Ausschusses f\u00fcr die Automobilindustrie und Mobilit\u00e4t AHK Serbien - Advokatska kancelarija Mom\u010dilovi\u0107 Stankovi\u0107<\/title>\n<meta name=\"description\" content=\"Ausschuss f\u00fcr die Automobilindustrie und Mobilit\u00e4t AHK Serbien: E-Mobilit\u00e4t und die Entwicklung intelligenter Infrastruktur in Serbien\" \/>\n<meta name=\"robots\" content=\"index, follow, max-snippet:-1, max-image-preview:large, max-video-preview:-1\" \/>\n<link rel=\"canonical\" href=\"https:\/\/mlaw.rs\/de\/ucesce-na-formiranju-odbora-za-automobilsku-industriju-i-mobilnost-ahk\/\" \/>\n<meta property=\"og:locale\" content=\"de_DE\" \/>\n<meta property=\"og:type\" content=\"article\" \/>\n<meta property=\"og:title\" content=\"Teilnahme an der Bildung des Ausschusses f\u00fcr die Automobilindustrie und Mobilit\u00e4t AHK Serbien - Advokatska kancelarija Mom\u010dilovi\u0107 Stankovi\u0107\" \/>\n<meta property=\"og:description\" content=\"Ausschuss f\u00fcr die Automobilindustrie und Mobilit\u00e4t AHK Serbien: E-Mobilit\u00e4t und die Entwicklung intelligenter Infrastruktur in Serbien\" \/>\n<meta property=\"og:url\" content=\"https:\/\/mlaw.rs\/de\/ucesce-na-formiranju-odbora-za-automobilsku-industriju-i-mobilnost-ahk\/\" \/>\n<meta property=\"og:site_name\" content=\"Advokatska kancelarija Mom\u010dilovi\u0107 Stankovi\u0107\" \/>\n<meta property=\"article:publisher\" content=\"https:\/\/www.facebook.com\/MomcilovicStankovic\" \/>\n<meta property=\"article:published_time\" content=\"2023-11-20T21:53:51+00:00\" \/>\n<meta property=\"article:modified_time\" content=\"2023-11-20T22:03:55+00:00\" \/>\n<meta property=\"og:image\" content=\"https:\/\/mlaw.rs\/wp-content\/uploads\/2023\/11\/1700240675554.jpeg\" \/>\n\t<meta property=\"og:image:width\" content=\"1080\" \/>\n\t<meta property=\"og:image:height\" content=\"1080\" \/>\n\t<meta property=\"og:image:type\" content=\"image\/jpeg\" \/>\n<meta name=\"author\" content=\"akm_admin\" \/>\n<meta name=\"twitter:card\" content=\"summary_large_image\" \/>\n<meta name=\"twitter:label1\" content=\"Verfasst von\" \/>\n\t<meta name=\"twitter:data1\" content=\"akm_admin\" \/>\n\t<meta name=\"twitter:label2\" content=\"Gesch\u00e4tzte Lesezeit\" \/>\n\t<meta name=\"twitter:data2\" content=\"1\u00a0Minute\" \/>\n<script type=\"application\/ld+json\" class=\"yoast-schema-graph\">{\"@context\":\"https:\\\/\\\/schema.org\",\"@graph\":[{\"@type\":\"Article\",\"@id\":\"https:\\\/\\\/mlaw.rs\\\/de\\\/ucesce-na-formiranju-odbora-za-automobilsku-industriju-i-mobilnost-ahk\\\/#article\",\"isPartOf\":{\"@id\":\"https:\\\/\\\/mlaw.rs\\\/de\\\/ucesce-na-formiranju-odbora-za-automobilsku-industriju-i-mobilnost-ahk\\\/\"},\"author\":{\"name\":\"akm_admin\",\"@id\":\"https:\\\/\\\/mlaw.rs\\\/#\\\/schema\\\/person\\\/f86f5880a3de990090b53d7ff769c92c\"},\"headline\":\"Teilnahme an der Bildung des Ausschusses f\u00fcr die Automobilindustrie und Mobilit\u00e4t AHK Serbien\",\"datePublished\":\"2023-11-20T21:53:51+00:00\",\"dateModified\":\"2023-11-20T22:03:55+00:00\",\"mainEntityOfPage\":{\"@id\":\"https:\\\/\\\/mlaw.rs\\\/de\\\/ucesce-na-formiranju-odbora-za-automobilsku-industriju-i-mobilnost-ahk\\\/\"},\"wordCount\":265,\"commentCount\":0,\"publisher\":{\"@id\":\"https:\\\/\\\/mlaw.rs\\\/#organization\"},\"image\":{\"@id\":\"https:\\\/\\\/mlaw.rs\\\/de\\\/ucesce-na-formiranju-odbora-za-automobilsku-industriju-i-mobilnost-ahk\\\/#primaryimage\"},\"thumbnailUrl\":\"https:\\\/\\\/mlaw.rs\\\/wp-content\\\/uploads\\\/2023\\\/11\\\/1700240675554.jpeg\",\"articleSection\":[\"Dogadjaji De\",\"Doga\u0111aji\"],\"inLanguage\":\"de\",\"potentialAction\":[{\"@type\":\"CommentAction\",\"name\":\"Comment\",\"target\":[\"https:\\\/\\\/mlaw.rs\\\/de\\\/ucesce-na-formiranju-odbora-za-automobilsku-industriju-i-mobilnost-ahk\\\/#respond\"]}]},{\"@type\":\"WebPage\",\"@id\":\"https:\\\/\\\/mlaw.rs\\\/de\\\/ucesce-na-formiranju-odbora-za-automobilsku-industriju-i-mobilnost-ahk\\\/\",\"url\":\"https:\\\/\\\/mlaw.rs\\\/de\\\/ucesce-na-formiranju-odbora-za-automobilsku-industriju-i-mobilnost-ahk\\\/\",\"name\":\"Teilnahme an der Bildung des Ausschusses f\u00fcr die Automobilindustrie und Mobilit\u00e4t AHK Serbien - Advokatska kancelarija Mom\u010dilovi\u0107 Stankovi\u0107\",\"isPartOf\":{\"@id\":\"https:\\\/\\\/mlaw.rs\\\/#website\"},\"primaryImageOfPage\":{\"@id\":\"https:\\\/\\\/mlaw.rs\\\/de\\\/ucesce-na-formiranju-odbora-za-automobilsku-industriju-i-mobilnost-ahk\\\/#primaryimage\"},\"image\":{\"@id\":\"https:\\\/\\\/mlaw.rs\\\/de\\\/ucesce-na-formiranju-odbora-za-automobilsku-industriju-i-mobilnost-ahk\\\/#primaryimage\"},\"thumbnailUrl\":\"https:\\\/\\\/mlaw.rs\\\/wp-content\\\/uploads\\\/2023\\\/11\\\/1700240675554.jpeg\",\"datePublished\":\"2023-11-20T21:53:51+00:00\",\"dateModified\":\"2023-11-20T22:03:55+00:00\",\"description\":\"Ausschuss f\u00fcr die Automobilindustrie und Mobilit\u00e4t AHK Serbien: E-Mobilit\u00e4t und die Entwicklung intelligenter Infrastruktur in Serbien\",\"breadcrumb\":{\"@id\":\"https:\\\/\\\/mlaw.rs\\\/de\\\/ucesce-na-formiranju-odbora-za-automobilsku-industriju-i-mobilnost-ahk\\\/#breadcrumb\"},\"inLanguage\":\"de\",\"potentialAction\":[{\"@type\":\"ReadAction\",\"target\":[\"https:\\\/\\\/mlaw.rs\\\/de\\\/ucesce-na-formiranju-odbora-za-automobilsku-industriju-i-mobilnost-ahk\\\/\"]}]},{\"@type\":\"ImageObject\",\"inLanguage\":\"de\",\"@id\":\"https:\\\/\\\/mlaw.rs\\\/de\\\/ucesce-na-formiranju-odbora-za-automobilsku-industriju-i-mobilnost-ahk\\\/#primaryimage\",\"url\":\"https:\\\/\\\/mlaw.rs\\\/wp-content\\\/uploads\\\/2023\\\/11\\\/1700240675554.jpeg\",\"contentUrl\":\"https:\\\/\\\/mlaw.rs\\\/wp-content\\\/uploads\\\/2023\\\/11\\\/1700240675554.jpeg\",\"width\":1080,\"height\":1080},{\"@type\":\"BreadcrumbList\",\"@id\":\"https:\\\/\\\/mlaw.rs\\\/de\\\/ucesce-na-formiranju-odbora-za-automobilsku-industriju-i-mobilnost-ahk\\\/#breadcrumb\",\"itemListElement\":[{\"@type\":\"ListItem\",\"position\":1,\"name\":\"\u041f\u043e\u0447\u0435\u0442\u043d\u0430\",\"item\":\"https:\\\/\\\/mlaw.rs\\\/de\\\/\"},{\"@type\":\"ListItem\",\"position\":2,\"name\":\"Teilnahme an der Bildung des Ausschusses f\u00fcr die Automobilindustrie und Mobilit\u00e4t AHK Serbien\"}]},{\"@type\":\"WebSite\",\"@id\":\"https:\\\/\\\/mlaw.rs\\\/#website\",\"url\":\"https:\\\/\\\/mlaw.rs\\\/\",\"name\":\"Advokatska kancelarija Mom\u010dilovi\u0107 Stankovi\u0107\",\"description\":\"Advokatska kancelarija Mom\u010dilovi\u0107 Stankovi\u0107\",\"publisher\":{\"@id\":\"https:\\\/\\\/mlaw.rs\\\/#organization\"},\"potentialAction\":[{\"@type\":\"SearchAction\",\"target\":{\"@type\":\"EntryPoint\",\"urlTemplate\":\"https:\\\/\\\/mlaw.rs\\\/?s={search_term_string}\"},\"query-input\":{\"@type\":\"PropertyValueSpecification\",\"valueRequired\":true,\"valueName\":\"search_term_string\"}}],\"inLanguage\":\"de\"},{\"@type\":\"Organization\",\"@id\":\"https:\\\/\\\/mlaw.rs\\\/#organization\",\"name\":\"Advokatska kancelarija Mom\u010dilovi\u0107 Stankovi\u0107\",\"url\":\"https:\\\/\\\/mlaw.rs\\\/\",\"logo\":{\"@type\":\"ImageObject\",\"inLanguage\":\"de\",\"@id\":\"https:\\\/\\\/mlaw.rs\\\/#\\\/schema\\\/logo\\\/image\\\/\",\"url\":\"https:\\\/\\\/mlaw.rs\\\/wp-content\\\/uploads\\\/2024\\\/01\\\/cropped-Screenshot-2024-01-06-at-12.41.19.png\",\"contentUrl\":\"https:\\\/\\\/mlaw.rs\\\/wp-content\\\/uploads\\\/2024\\\/01\\\/cropped-Screenshot-2024-01-06-at-12.41.19.png\",\"width\":512,\"height\":512,\"caption\":\"Advokatska kancelarija Mom\u010dilovi\u0107 Stankovi\u0107\"},\"image\":{\"@id\":\"https:\\\/\\\/mlaw.rs\\\/#\\\/schema\\\/logo\\\/image\\\/\"},\"sameAs\":[\"https:\\\/\\\/www.facebook.com\\\/MomcilovicStankovic\",\"https:\\\/\\\/www.linkedin.com\\\/company\\\/advokatska-kancelarija-mom\u010dilovi\u0107\"]},{\"@type\":\"Person\",\"@id\":\"https:\\\/\\\/mlaw.rs\\\/#\\\/schema\\\/person\\\/f86f5880a3de990090b53d7ff769c92c\",\"name\":\"akm_admin\",\"image\":{\"@type\":\"ImageObject\",\"inLanguage\":\"de\",\"@id\":\"https:\\\/\\\/secure.gravatar.com\\\/avatar\\\/17dadfe47c2b24cccb017546a1fd6385055336206111d59d87ea66a51fa1162a?s=96&d=mm&r=g\",\"url\":\"https:\\\/\\\/secure.gravatar.com\\\/avatar\\\/17dadfe47c2b24cccb017546a1fd6385055336206111d59d87ea66a51fa1162a?s=96&d=mm&r=g\",\"contentUrl\":\"https:\\\/\\\/secure.gravatar.com\\\/avatar\\\/17dadfe47c2b24cccb017546a1fd6385055336206111d59d87ea66a51fa1162a?s=96&d=mm&r=g\",\"caption\":\"akm_admin\"},\"sameAs\":[\"https:\\\/\\\/mlaw.rs\\\/\"]}]}<\/script>\n<!-- \/ Yoast SEO plugin. -->","yoast_head_json":{"title":"Teilnahme an der Bildung des Ausschusses f\u00fcr die Automobilindustrie und Mobilit\u00e4t AHK Serbien - Advokatska kancelarija Mom\u010dilovi\u0107 Stankovi\u0107","description":"Ausschuss f\u00fcr die Automobilindustrie und Mobilit\u00e4t AHK Serbien: E-Mobilit\u00e4t und die Entwicklung intelligenter Infrastruktur in Serbien","robots":{"index":"index","follow":"follow","max-snippet":"max-snippet:-1","max-image-preview":"max-image-preview:large","max-video-preview":"max-video-preview:-1"},"canonical":"https:\/\/mlaw.rs\/de\/ucesce-na-formiranju-odbora-za-automobilsku-industriju-i-mobilnost-ahk\/","og_locale":"de_DE","og_type":"article","og_title":"Teilnahme an der Bildung des Ausschusses f\u00fcr die Automobilindustrie und Mobilit\u00e4t AHK Serbien - Advokatska kancelarija Mom\u010dilovi\u0107 Stankovi\u0107","og_description":"Ausschuss f\u00fcr die Automobilindustrie und Mobilit\u00e4t AHK Serbien: E-Mobilit\u00e4t und die Entwicklung intelligenter Infrastruktur in Serbien","og_url":"https:\/\/mlaw.rs\/de\/ucesce-na-formiranju-odbora-za-automobilsku-industriju-i-mobilnost-ahk\/","og_site_name":"Advokatska kancelarija Mom\u010dilovi\u0107 Stankovi\u0107","article_publisher":"https:\/\/www.facebook.com\/MomcilovicStankovic","article_published_time":"2023-11-20T21:53:51+00:00","article_modified_time":"2023-11-20T22:03:55+00:00","og_image":[{"width":1080,"height":1080,"url":"https:\/\/mlaw.rs\/wp-content\/uploads\/2023\/11\/1700240675554.jpeg","type":"image\/jpeg"}],"author":"akm_admin","twitter_card":"summary_large_image","twitter_misc":{"Verfasst von":"akm_admin","Gesch\u00e4tzte Lesezeit":"1\u00a0Minute"},"schema":{"@context":"https:\/\/schema.org","@graph":[{"@type":"Article","@id":"https:\/\/mlaw.rs\/de\/ucesce-na-formiranju-odbora-za-automobilsku-industriju-i-mobilnost-ahk\/#article","isPartOf":{"@id":"https:\/\/mlaw.rs\/de\/ucesce-na-formiranju-odbora-za-automobilsku-industriju-i-mobilnost-ahk\/"},"author":{"name":"akm_admin","@id":"https:\/\/mlaw.rs\/#\/schema\/person\/f86f5880a3de990090b53d7ff769c92c"},"headline":"Teilnahme an der Bildung des Ausschusses f\u00fcr die Automobilindustrie und Mobilit\u00e4t AHK Serbien","datePublished":"2023-11-20T21:53:51+00:00","dateModified":"2023-11-20T22:03:55+00:00","mainEntityOfPage":{"@id":"https:\/\/mlaw.rs\/de\/ucesce-na-formiranju-odbora-za-automobilsku-industriju-i-mobilnost-ahk\/"},"wordCount":265,"commentCount":0,"publisher":{"@id":"https:\/\/mlaw.rs\/#organization"},"image":{"@id":"https:\/\/mlaw.rs\/de\/ucesce-na-formiranju-odbora-za-automobilsku-industriju-i-mobilnost-ahk\/#primaryimage"},"thumbnailUrl":"https:\/\/mlaw.rs\/wp-content\/uploads\/2023\/11\/1700240675554.jpeg","articleSection":["Dogadjaji De","Doga\u0111aji"],"inLanguage":"de","potentialAction":[{"@type":"CommentAction","name":"Comment","target":["https:\/\/mlaw.rs\/de\/ucesce-na-formiranju-odbora-za-automobilsku-industriju-i-mobilnost-ahk\/#respond"]}]},{"@type":"WebPage","@id":"https:\/\/mlaw.rs\/de\/ucesce-na-formiranju-odbora-za-automobilsku-industriju-i-mobilnost-ahk\/","url":"https:\/\/mlaw.rs\/de\/ucesce-na-formiranju-odbora-za-automobilsku-industriju-i-mobilnost-ahk\/","name":"Teilnahme an der Bildung des Ausschusses f\u00fcr die Automobilindustrie und Mobilit\u00e4t AHK Serbien - Advokatska kancelarija Mom\u010dilovi\u0107 Stankovi\u0107","isPartOf":{"@id":"https:\/\/mlaw.rs\/#website"},"primaryImageOfPage":{"@id":"https:\/\/mlaw.rs\/de\/ucesce-na-formiranju-odbora-za-automobilsku-industriju-i-mobilnost-ahk\/#primaryimage"},"image":{"@id":"https:\/\/mlaw.rs\/de\/ucesce-na-formiranju-odbora-za-automobilsku-industriju-i-mobilnost-ahk\/#primaryimage"},"thumbnailUrl":"https:\/\/mlaw.rs\/wp-content\/uploads\/2023\/11\/1700240675554.jpeg","datePublished":"2023-11-20T21:53:51+00:00","dateModified":"2023-11-20T22:03:55+00:00","description":"Ausschuss f\u00fcr die Automobilindustrie und Mobilit\u00e4t AHK Serbien: E-Mobilit\u00e4t und die Entwicklung intelligenter Infrastruktur in Serbien","breadcrumb":{"@id":"https:\/\/mlaw.rs\/de\/ucesce-na-formiranju-odbora-za-automobilsku-industriju-i-mobilnost-ahk\/#breadcrumb"},"inLanguage":"de","potentialAction":[{"@type":"ReadAction","target":["https:\/\/mlaw.rs\/de\/ucesce-na-formiranju-odbora-za-automobilsku-industriju-i-mobilnost-ahk\/"]}]},{"@type":"ImageObject","inLanguage":"de","@id":"https:\/\/mlaw.rs\/de\/ucesce-na-formiranju-odbora-za-automobilsku-industriju-i-mobilnost-ahk\/#primaryimage","url":"https:\/\/mlaw.rs\/wp-content\/uploads\/2023\/11\/1700240675554.jpeg","contentUrl":"https:\/\/mlaw.rs\/wp-content\/uploads\/2023\/11\/1700240675554.jpeg","width":1080,"height":1080},{"@type":"BreadcrumbList","@id":"https:\/\/mlaw.rs\/de\/ucesce-na-formiranju-odbora-za-automobilsku-industriju-i-mobilnost-ahk\/#breadcrumb","itemListElement":[{"@type":"ListItem","position":1,"name":"\u041f\u043e\u0447\u0435\u0442\u043d\u0430","item":"https:\/\/mlaw.rs\/de\/"},{"@type":"ListItem","position":2,"name":"Teilnahme an der Bildung des Ausschusses f\u00fcr die Automobilindustrie und Mobilit\u00e4t AHK Serbien"}]},{"@type":"WebSite","@id":"https:\/\/mlaw.rs\/#website","url":"https:\/\/mlaw.rs\/","name":"Advokatska kancelarija Mom\u010dilovi\u0107 Stankovi\u0107","description":"Advokatska kancelarija Mom\u010dilovi\u0107 Stankovi\u0107","publisher":{"@id":"https:\/\/mlaw.rs\/#organization"},"potentialAction":[{"@type":"SearchAction","target":{"@type":"EntryPoint","urlTemplate":"https:\/\/mlaw.rs\/?s={search_term_string}"},"query-input":{"@type":"PropertyValueSpecification","valueRequired":true,"valueName":"search_term_string"}}],"inLanguage":"de"},{"@type":"Organization","@id":"https:\/\/mlaw.rs\/#organization","name":"Advokatska kancelarija Mom\u010dilovi\u0107 Stankovi\u0107","url":"https:\/\/mlaw.rs\/","logo":{"@type":"ImageObject","inLanguage":"de","@id":"https:\/\/mlaw.rs\/#\/schema\/logo\/image\/","url":"https:\/\/mlaw.rs\/wp-content\/uploads\/2024\/01\/cropped-Screenshot-2024-01-06-at-12.41.19.png","contentUrl":"https:\/\/mlaw.rs\/wp-content\/uploads\/2024\/01\/cropped-Screenshot-2024-01-06-at-12.41.19.png","width":512,"height":512,"caption":"Advokatska kancelarija Mom\u010dilovi\u0107 Stankovi\u0107"},"image":{"@id":"https:\/\/mlaw.rs\/#\/schema\/logo\/image\/"},"sameAs":["https:\/\/www.facebook.com\/MomcilovicStankovic","https:\/\/www.linkedin.com\/company\/advokatska-kancelarija-mom\u010dilovi\u0107"]},{"@type":"Person","@id":"https:\/\/mlaw.rs\/#\/schema\/person\/f86f5880a3de990090b53d7ff769c92c","name":"akm_admin","image":{"@type":"ImageObject","inLanguage":"de","@id":"https:\/\/secure.gravatar.com\/avatar\/17dadfe47c2b24cccb017546a1fd6385055336206111d59d87ea66a51fa1162a?s=96&d=mm&r=g","url":"https:\/\/secure.gravatar.com\/avatar\/17dadfe47c2b24cccb017546a1fd6385055336206111d59d87ea66a51fa1162a?s=96&d=mm&r=g","contentUrl":"https:\/\/secure.gravatar.com\/avatar\/17dadfe47c2b24cccb017546a1fd6385055336206111d59d87ea66a51fa1162a?s=96&d=mm&r=g","caption":"akm_admin"},"sameAs":["https:\/\/mlaw.rs\/"]}]}},"_links":{"self":[{"href":"https:\/\/mlaw.rs\/de\/wp-json\/wp\/v2\/posts\/9059","targetHints":{"allow":["GET"]}}],"collection":[{"href":"https:\/\/mlaw.rs\/de\/wp-json\/wp\/v2\/posts"}],"about":[{"href":"https:\/\/mlaw.rs\/de\/wp-json\/wp\/v2\/types\/post"}],"author":[{"embeddable":true,"href":"https:\/\/mlaw.rs\/de\/wp-json\/wp\/v2\/users\/1"}],"replies":[{"embeddable":true,"href":"https:\/\/mlaw.rs\/de\/wp-json\/wp\/v2\/comments?post=9059"}],"version-history":[{"count":2,"href":"https:\/\/mlaw.rs\/de\/wp-json\/wp\/v2\/posts\/9059\/revisions"}],"predecessor-version":[{"id":9061,"href":"https:\/\/mlaw.rs\/de\/wp-json\/wp\/v2\/posts\/9059\/revisions\/9061"}],"wp:featuredmedia":[{"embeddable":true,"href":"https:\/\/mlaw.rs\/de\/wp-json\/wp\/v2\/media\/9055"}],"wp:attachment":[{"href":"https:\/\/mlaw.rs\/de\/wp-json\/wp\/v2\/media?parent=9059"}],"wp:term":[{"taxonomy":"category","embeddable":true,"href":"https:\/\/mlaw.rs\/de\/wp-json\/wp\/v2\/categories?post=9059"},{"taxonomy":"post_tag","embeddable":true,"href":"https:\/\/mlaw.rs\/de\/wp-json\/wp\/v2\/tags?post=9059"}],"curies":[{"name":"wp","href":"https:\/\/api.w.org\/{rel}","templated":true}]}}