{"id":9496,"date":"2024-05-30T17:07:03","date_gmt":"2024-05-30T17:07:03","guid":{"rendered":"https:\/\/mlaw.rs\/mogucnost-dvojnog-drzavljanstva-nemacke-i-srbije\/"},"modified":"2024-06-12T21:33:07","modified_gmt":"2024-06-12T21:33:07","slug":"mogucnost-dvojnog-drzavljanstva-nemacke-i-srbije","status":"publish","type":"post","link":"https:\/\/mlaw.rs\/de\/mogucnost-dvojnog-drzavljanstva-nemacke-i-srbije\/","title":{"rendered":"Gleichzeitige deutsche und serbische Staatsb\u00fcrgerschaft: Jetzt m\u00f6glich!"},"content":{"rendered":"<p style=\"font-weight: 400;\"><span style=\"color: #ffffff;\">Gleichzeitige deutsche und serbische Staatsb\u00fcrgerschaft<\/span><\/p>\n<p>Die Reform der Staatsb\u00fcrgerschaftsvorschriften in Deutschland wird am 27. Juni dieses Jahres in Kraft treten. Die \u00c4nderungen sind sehr bedeutend und f\u00fchren die M\u00f6glichkeit ein, eine doppelte Staatsb\u00fcrgerschaft zu erlangen, in Situationen, in denen dies bisher nicht m\u00f6glich war, und vereinfachen die Erlangung der Staatsb\u00fcrgerschaft der Bundesrepublik Deutschland. Die \u00c4nderungen verk\u00fcrzen den Zeitraum des Aufenthalts in Deutschland, der f\u00fcr die Einb\u00fcrgerung (den Prozess der Verleihung der Staatsb\u00fcrgerschaft an einen Ausl\u00e4nder) erforderlich ist, von derzeit 8 auf 5 Jahre.<\/p>\n<p>&nbsp;<\/p>\n<p>F\u00fcr B\u00fcrger der Republik Serbien ist die wichtigste Neuheit, dass sie nicht mehr aus ihrer Staatsb\u00fcrgerschaft entlassen werden m\u00fcssen, um die deutsche Staatsb\u00fcrgerschaft zu erwerben. Auf der anderen Seite k\u00f6nnen diejenigen, die dies bereits getan haben, nun erneut die Staatsb\u00fcrgerschaft der Republik Serbien durch erneuten Erwerb der Staatsb\u00fcrgerschaft erlangen.<\/p>\n<p>&nbsp;<\/p>\n<p><strong>Die wichtigsten \u00c4nderungen:<\/strong><\/p>\n<p>&nbsp;<\/p>\n<ul>\n<li><strong>K\u00fcrzerer Einb\u00fcrgerungszeitraum<\/strong> \u2013 In den meisten F\u00e4llen erleichtern die neuen Vorschriften die Einb\u00fcrgerung.<\/li>\n<li><strong>Verk\u00fcrzte Einb\u00fcrgerungszeiten<\/strong> \u2013 Bisher war die standardm\u00e4\u00dfige Einb\u00fcrgerung nach 8 Jahren oder, im Falle einer besonderen Integration, nach 6 oder 7 Jahren m\u00f6glich (\u00a710 Absatz 3 <a href=\"https:\/\/www.gesetze-im-internet.de\/stag\/BJNR005830913.html\" target=\"_blank\" rel=\"noopener\">StAG<\/a>). Diese Bedingungen wurden jetzt auf 3 bzw. 5 Jahre verk\u00fcrzt.<\/li>\n<li><strong>Doppelte Staatsb\u00fcrgerschaft<\/strong> \u2013 Vor der Reform musste man sich in der Regel von seiner alten Staatsb\u00fcrgerschaft trennen, um die deutsche Staatsb\u00fcrgerschaft zu erwerben. Das war auch bei B\u00fcrgern Serbiens der Fall. Nun ist die doppelte Staatsb\u00fcrgerschaft m\u00f6glich.<\/li>\n<li><strong>Kinder, die in Deutschland von ausl\u00e4ndischen Eltern geboren werden<\/strong> \u2013 Wenn mindestens ein Elternteil rechtm\u00e4\u00dfig l\u00e4nger als 5 Jahre auf Bundesgebiet gelebt hat, erhalten die in Deutschland geborenen Kinder zuk\u00fcnftig die deutsche Staatsb\u00fcrgerschaft. Dies gilt jedoch nicht r\u00fcckwirkend f\u00fcr Kinder, die vor Inkrafttreten des neuen Gesetzes auf deutschem Gebiet geboren wurden.<\/li>\n<li><strong>Lebensunterhalt<\/strong> \u2013 In dieser Frage sieht das neue Gesetz strengere Vorschriften im Vergleich zu den bisherigen Regelungen vor. Die Einb\u00fcrgerung ist jetzt nur noch in wenigen Ausnahmen m\u00f6glich, wenn Sie sich nicht aus eigenen Mitteln unterhalten k\u00f6nnen. Personen mit geringem Einkommen, geringf\u00fcgig Besch\u00e4ftigte, \u00e4ltere und kranke Menschen werden daher die Voraussetzungen f\u00fcr die Einb\u00fcrgerung schwerer erf\u00fcllen k\u00f6nnen.<\/li>\n<\/ul>\n<p>&nbsp;<\/p>\n<p><strong>Was ist f\u00fcr Personen serbischer Herkunft am wichtigsten?<\/strong><\/p>\n<p>&nbsp;<\/p>\n<ul>\n<li><strong>Abschaffung der Notwendigkeit zur Entlassung aus der Staatsb\u00fcrgerschaft<\/strong><\/li>\n<\/ul>\n<p>Da es ab dem 27. Juni dieses Jahres m\u00f6glich sein wird, gleichzeitig die Staatsb\u00fcrgerschaft der Republik Serbien und der Bundesrepublik Deutschland zu besitzen, wird die Entlassung aus der Staatsb\u00fcrgerschaft keine notwendige Voraussetzung mehr sein. Dies wird die Verfahren zur Erlangung der Staatsb\u00fcrgerschaft erheblich beschleunigen und die Kosten senken. Begonnene Verfahren k\u00f6nnen abgebrochen werden.<\/p>\n<p>&nbsp;<\/p>\n<ul>\n<li><strong>M\u00f6glichkeit der erneuten Aufnahme in die serbische Staatsb\u00fcrgerschaft<\/strong><\/li>\n<\/ul>\n<p>Alle B\u00fcrger Deutschlands, die bereits zuvor das Verfahren zur Entlassung aus der Staatsb\u00fcrgerschaft durchlaufen haben, k\u00f6nnen jetzt einen Antrag auf erneuten Erwerb der Staatsb\u00fcrgerschaft der Republik Serbien stellen. Dadurch werden sie wieder beide Staatsb\u00fcrgerschaften besitzen und in ihrem Herkunftsland alle Rechte genie\u00dfen, die nur den B\u00fcrgern zustehen (zum Beispiel Wahlrecht, Erwerb von landwirtschaftlichen Fl\u00e4chen und andere).<\/p>\n<p>&nbsp;<\/p>\n<p><strong>Wie sieht das Verfahren zur erneuten Erlangung der Staatsb\u00fcrgerschaft der Republik Serbien aus?<\/strong><\/p>\n<p>&nbsp;<\/p>\n<p><strong>1.Antragstellung<\/strong><\/p>\n<p>Der Antragsteller muss einen schriftlichen Antrag auf erneuten Erwerb der Staatsb\u00fcrgerschaft bei der zust\u00e4ndigen Beh\u00f6rde einreichen.<\/p>\n<p>&nbsp;<\/p>\n<p><strong>2.Nachweis der Bedingungen<\/strong><\/p>\n<p>Der Antragsteller muss bestimmte Bedingungen erf\u00fcllen und die erforderlichen Dokumente vorlegen.<\/p>\n<p>Die \u00fcbliche Dokumentation umfasst:<\/p>\n<ul>\n<li>Auszug aus dem Geburtsregister<\/li>\n<li>Bescheinigung \u00fcber die ausl\u00e4ndische Staatsb\u00fcrgerschaft<\/li>\n<li>Nachweis \u00fcber die Entlassung aus der Staatsb\u00fcrgerschaft<\/li>\n<li>F\u00fchrungszeugnis<\/li>\n<li>Erkl\u00e4rung zur Aufnahme in die Staatsb\u00fcrgerschaft<\/li>\n<li>Nachweis des Aufenthalts \u2013 Nachweis \u00fcber den legalen Aufenthalt in Serbien (nur in einigen F\u00e4llen)<\/li>\n<\/ul>\n<p>&nbsp;<\/p>\n<p><strong>3.Pr\u00fcfung des Antrags<\/strong><\/p>\n<p>Die zust\u00e4ndige Beh\u00f6rde wird den Antrag und die beigef\u00fcgten Dokumente pr\u00fcfen. Das Verfahren kann auch zus\u00e4tzliche Pr\u00fcfungen und Dokumentationen beinhalten.<\/p>\n<p>&nbsp;<\/p>\n<p><strong>4.Entscheidung<\/strong><\/p>\n<p>Nach Pr\u00fcfung trifft die zust\u00e4ndige Beh\u00f6rde eine Entscheidung \u00fcber den Antrag auf erneuten Erwerb der Staatsb\u00fcrgerschaft. Wenn der Antrag genehmigt wird, wird der Antragsteller in das B\u00fcrgerregister eingetragen.<\/p>\n<p>&nbsp;<\/p>\n<p><strong>Aufnahme in die Staatsb\u00fcrgerschaft<\/strong><\/p>\n<p>Nach einer positiven Entscheidung wird der Antragsteller offiziell wieder Staatsb\u00fcrger der Republik Serbien. Dar\u00fcber wird ein entsprechendes Dokument in Form eines Bescheids ausgestellt, das die Staatsb\u00fcrgerschaft der Republik Serbien best\u00e4tigt.<\/p>\n<p>&nbsp;<\/p>\n<p>F\u00fcr alle weiteren Fragen im Zusammenhang mit der Aufnahme in die Staatsb\u00fcrgerschaft oder der Entlassung aus der Staatsb\u00fcrgerschaft der Republik Serbien k\u00f6nnen Sie unser juristisches Team per E-Mail unter: <a rel=\"noreferrer\">office@mlaw.rs<\/a> oder \u00fcber das <a href=\"https:\/\/mlaw.rs\/de\/kontakt-anwaltskanzlei-momcilovic\/\" target=\"_blank\" rel=\"noopener\">Kontaktformular<\/a> erreichen.<\/p>\n<p>&nbsp;<\/p>\n<p><span style=\"color: #ffffff;\">Gleichzeitige deutsche und serbische Staatsb\u00fcrgerschaft<\/span><\/p>\n<p>&nbsp;<\/p>\n","protected":false},"excerpt":{"rendered":"<p>Gleichzeitige deutsche und serbische Staatsb\u00fcrgerschaft Die Reform der Staatsb\u00fcrgerschaftsvorschriften in Deutschland wird am 27. Juni dieses Jahres in Kraft treten. Die \u00c4nderungen sind sehr bedeutend und f\u00fchren die M\u00f6glichkeit ein, eine doppelte Staatsb\u00fcrgerschaft zu erlangen, in Situationen, in denen dies bisher nicht m\u00f6glich war, und vereinfachen die Erlangung der Staatsb\u00fcrgerschaft [&hellip;]<\/p>\n","protected":false},"author":1,"featured_media":9488,"comment_status":"open","ping_status":"open","sticky":false,"template":"","format":"standard","meta":{"inline_featured_image":false,"footnotes":""},"categories":[141],"tags":[],"class_list":["post-9496","post","type-post","status-publish","format-standard","has-post-thumbnail","hentry","category-vesti-de"],"acf":[],"yoast_head":"<!-- This site is optimized with the Yoast SEO plugin v27.5 - https:\/\/yoast.com\/product\/yoast-seo-wordpress\/ -->\n<title>Gleichzeitige deutsche und serbische Staatsb\u00fcrgerschaft: Jetzt m\u00f6glich! - Advokatska kancelarija Mom\u010dilovi\u0107 Stankovi\u0107<\/title>\n<meta name=\"description\" content=\"Gleichzeitige deutsche und serbische Staatsb\u00fcrgerschaft ab jetzt m\u00f6glich. Erfahren Sie, wie Sie die deutsche und serbische Staatsb\u00fcrgerschaft gleichzeitig besitzen k\u00f6nnen\" \/>\n<meta name=\"robots\" content=\"index, follow, max-snippet:-1, max-image-preview:large, max-video-preview:-1\" \/>\n<link rel=\"canonical\" href=\"https:\/\/mlaw.rs\/de\/mogucnost-dvojnog-drzavljanstva-nemacke-i-srbije\/\" \/>\n<meta property=\"og:locale\" content=\"de_DE\" \/>\n<meta property=\"og:type\" content=\"article\" \/>\n<meta property=\"og:title\" content=\"Gleichzeitige deutsche und serbische Staatsb\u00fcrgerschaft: Jetzt m\u00f6glich! - Advokatska kancelarija Mom\u010dilovi\u0107 Stankovi\u0107\" \/>\n<meta property=\"og:description\" content=\"Gleichzeitige deutsche und serbische Staatsb\u00fcrgerschaft ab jetzt m\u00f6glich. Erfahren Sie, wie Sie die deutsche und serbische Staatsb\u00fcrgerschaft gleichzeitig besitzen k\u00f6nnen\" \/>\n<meta property=\"og:url\" content=\"https:\/\/mlaw.rs\/de\/mogucnost-dvojnog-drzavljanstva-nemacke-i-srbije\/\" \/>\n<meta property=\"og:site_name\" content=\"Advokatska kancelarija Mom\u010dilovi\u0107 Stankovi\u0107\" \/>\n<meta property=\"article:publisher\" content=\"https:\/\/www.facebook.com\/MomcilovicStankovic\" \/>\n<meta property=\"article:published_time\" content=\"2024-05-30T17:07:03+00:00\" \/>\n<meta property=\"article:modified_time\" content=\"2024-06-12T21:33:07+00:00\" \/>\n<meta property=\"og:image\" content=\"https:\/\/mlaw.rs\/wp-content\/uploads\/2024\/05\/Screenshot-2024-05-30-at-19.05.08-1024x681.png\" \/>\n\t<meta property=\"og:image:width\" content=\"1024\" \/>\n\t<meta property=\"og:image:height\" content=\"681\" \/>\n\t<meta property=\"og:image:type\" content=\"image\/png\" \/>\n<meta name=\"author\" content=\"akm_admin\" \/>\n<meta name=\"twitter:card\" content=\"summary_large_image\" \/>\n<meta name=\"twitter:label1\" content=\"Verfasst von\" \/>\n\t<meta name=\"twitter:data1\" content=\"akm_admin\" \/>\n\t<meta name=\"twitter:label2\" content=\"Gesch\u00e4tzte Lesezeit\" \/>\n\t<meta name=\"twitter:data2\" content=\"4\u00a0Minuten\" \/>\n<script type=\"application\/ld+json\" class=\"yoast-schema-graph\">{\"@context\":\"https:\\\/\\\/schema.org\",\"@graph\":[{\"@type\":\"Article\",\"@id\":\"https:\\\/\\\/mlaw.rs\\\/de\\\/mogucnost-dvojnog-drzavljanstva-nemacke-i-srbije\\\/#article\",\"isPartOf\":{\"@id\":\"https:\\\/\\\/mlaw.rs\\\/de\\\/mogucnost-dvojnog-drzavljanstva-nemacke-i-srbije\\\/\"},\"author\":{\"name\":\"akm_admin\",\"@id\":\"https:\\\/\\\/mlaw.rs\\\/#\\\/schema\\\/person\\\/f86f5880a3de990090b53d7ff769c92c\"},\"headline\":\"Gleichzeitige deutsche und serbische Staatsb\u00fcrgerschaft: Jetzt m\u00f6glich!\",\"datePublished\":\"2024-05-30T17:07:03+00:00\",\"dateModified\":\"2024-06-12T21:33:07+00:00\",\"mainEntityOfPage\":{\"@id\":\"https:\\\/\\\/mlaw.rs\\\/de\\\/mogucnost-dvojnog-drzavljanstva-nemacke-i-srbije\\\/\"},\"wordCount\":786,\"commentCount\":0,\"publisher\":{\"@id\":\"https:\\\/\\\/mlaw.rs\\\/#organization\"},\"image\":{\"@id\":\"https:\\\/\\\/mlaw.rs\\\/de\\\/mogucnost-dvojnog-drzavljanstva-nemacke-i-srbije\\\/#primaryimage\"},\"thumbnailUrl\":\"https:\\\/\\\/mlaw.rs\\\/wp-content\\\/uploads\\\/2024\\\/05\\\/Screenshot-2024-05-30-at-19.05.08.png\",\"articleSection\":[\"Vesti De\"],\"inLanguage\":\"de\",\"potentialAction\":[{\"@type\":\"CommentAction\",\"name\":\"Comment\",\"target\":[\"https:\\\/\\\/mlaw.rs\\\/de\\\/mogucnost-dvojnog-drzavljanstva-nemacke-i-srbije\\\/#respond\"]}]},{\"@type\":\"WebPage\",\"@id\":\"https:\\\/\\\/mlaw.rs\\\/de\\\/mogucnost-dvojnog-drzavljanstva-nemacke-i-srbije\\\/\",\"url\":\"https:\\\/\\\/mlaw.rs\\\/de\\\/mogucnost-dvojnog-drzavljanstva-nemacke-i-srbije\\\/\",\"name\":\"Gleichzeitige deutsche und serbische Staatsb\u00fcrgerschaft: Jetzt m\u00f6glich! - Advokatska kancelarija Mom\u010dilovi\u0107 Stankovi\u0107\",\"isPartOf\":{\"@id\":\"https:\\\/\\\/mlaw.rs\\\/#website\"},\"primaryImageOfPage\":{\"@id\":\"https:\\\/\\\/mlaw.rs\\\/de\\\/mogucnost-dvojnog-drzavljanstva-nemacke-i-srbije\\\/#primaryimage\"},\"image\":{\"@id\":\"https:\\\/\\\/mlaw.rs\\\/de\\\/mogucnost-dvojnog-drzavljanstva-nemacke-i-srbije\\\/#primaryimage\"},\"thumbnailUrl\":\"https:\\\/\\\/mlaw.rs\\\/wp-content\\\/uploads\\\/2024\\\/05\\\/Screenshot-2024-05-30-at-19.05.08.png\",\"datePublished\":\"2024-05-30T17:07:03+00:00\",\"dateModified\":\"2024-06-12T21:33:07+00:00\",\"description\":\"Gleichzeitige deutsche und serbische Staatsb\u00fcrgerschaft ab jetzt m\u00f6glich. Erfahren Sie, wie Sie die deutsche und serbische Staatsb\u00fcrgerschaft gleichzeitig besitzen k\u00f6nnen\",\"breadcrumb\":{\"@id\":\"https:\\\/\\\/mlaw.rs\\\/de\\\/mogucnost-dvojnog-drzavljanstva-nemacke-i-srbije\\\/#breadcrumb\"},\"inLanguage\":\"de\",\"potentialAction\":[{\"@type\":\"ReadAction\",\"target\":[\"https:\\\/\\\/mlaw.rs\\\/de\\\/mogucnost-dvojnog-drzavljanstva-nemacke-i-srbije\\\/\"]}]},{\"@type\":\"ImageObject\",\"inLanguage\":\"de\",\"@id\":\"https:\\\/\\\/mlaw.rs\\\/de\\\/mogucnost-dvojnog-drzavljanstva-nemacke-i-srbije\\\/#primaryimage\",\"url\":\"https:\\\/\\\/mlaw.rs\\\/wp-content\\\/uploads\\\/2024\\\/05\\\/Screenshot-2024-05-30-at-19.05.08.png\",\"contentUrl\":\"https:\\\/\\\/mlaw.rs\\\/wp-content\\\/uploads\\\/2024\\\/05\\\/Screenshot-2024-05-30-at-19.05.08.png\",\"width\":2224,\"height\":1480},{\"@type\":\"BreadcrumbList\",\"@id\":\"https:\\\/\\\/mlaw.rs\\\/de\\\/mogucnost-dvojnog-drzavljanstva-nemacke-i-srbije\\\/#breadcrumb\",\"itemListElement\":[{\"@type\":\"ListItem\",\"position\":1,\"name\":\"\u041f\u043e\u0447\u0435\u0442\u043d\u0430\",\"item\":\"https:\\\/\\\/mlaw.rs\\\/de\\\/\"},{\"@type\":\"ListItem\",\"position\":2,\"name\":\"Gleichzeitige deutsche und serbische Staatsb\u00fcrgerschaft: Jetzt m\u00f6glich!\"}]},{\"@type\":\"WebSite\",\"@id\":\"https:\\\/\\\/mlaw.rs\\\/#website\",\"url\":\"https:\\\/\\\/mlaw.rs\\\/\",\"name\":\"Advokatska kancelarija Mom\u010dilovi\u0107 Stankovi\u0107\",\"description\":\"Advokatska kancelarija Mom\u010dilovi\u0107 Stankovi\u0107\",\"publisher\":{\"@id\":\"https:\\\/\\\/mlaw.rs\\\/#organization\"},\"potentialAction\":[{\"@type\":\"SearchAction\",\"target\":{\"@type\":\"EntryPoint\",\"urlTemplate\":\"https:\\\/\\\/mlaw.rs\\\/?s={search_term_string}\"},\"query-input\":{\"@type\":\"PropertyValueSpecification\",\"valueRequired\":true,\"valueName\":\"search_term_string\"}}],\"inLanguage\":\"de\"},{\"@type\":\"Organization\",\"@id\":\"https:\\\/\\\/mlaw.rs\\\/#organization\",\"name\":\"Advokatska kancelarija Mom\u010dilovi\u0107 Stankovi\u0107\",\"url\":\"https:\\\/\\\/mlaw.rs\\\/\",\"logo\":{\"@type\":\"ImageObject\",\"inLanguage\":\"de\",\"@id\":\"https:\\\/\\\/mlaw.rs\\\/#\\\/schema\\\/logo\\\/image\\\/\",\"url\":\"https:\\\/\\\/mlaw.rs\\\/wp-content\\\/uploads\\\/2024\\\/01\\\/cropped-Screenshot-2024-01-06-at-12.41.19.png\",\"contentUrl\":\"https:\\\/\\\/mlaw.rs\\\/wp-content\\\/uploads\\\/2024\\\/01\\\/cropped-Screenshot-2024-01-06-at-12.41.19.png\",\"width\":512,\"height\":512,\"caption\":\"Advokatska kancelarija Mom\u010dilovi\u0107 Stankovi\u0107\"},\"image\":{\"@id\":\"https:\\\/\\\/mlaw.rs\\\/#\\\/schema\\\/logo\\\/image\\\/\"},\"sameAs\":[\"https:\\\/\\\/www.facebook.com\\\/MomcilovicStankovic\",\"https:\\\/\\\/www.linkedin.com\\\/company\\\/advokatska-kancelarija-mom\u010dilovi\u0107\"]},{\"@type\":\"Person\",\"@id\":\"https:\\\/\\\/mlaw.rs\\\/#\\\/schema\\\/person\\\/f86f5880a3de990090b53d7ff769c92c\",\"name\":\"akm_admin\",\"image\":{\"@type\":\"ImageObject\",\"inLanguage\":\"de\",\"@id\":\"https:\\\/\\\/secure.gravatar.com\\\/avatar\\\/17dadfe47c2b24cccb017546a1fd6385055336206111d59d87ea66a51fa1162a?s=96&d=mm&r=g\",\"url\":\"https:\\\/\\\/secure.gravatar.com\\\/avatar\\\/17dadfe47c2b24cccb017546a1fd6385055336206111d59d87ea66a51fa1162a?s=96&d=mm&r=g\",\"contentUrl\":\"https:\\\/\\\/secure.gravatar.com\\\/avatar\\\/17dadfe47c2b24cccb017546a1fd6385055336206111d59d87ea66a51fa1162a?s=96&d=mm&r=g\",\"caption\":\"akm_admin\"},\"sameAs\":[\"https:\\\/\\\/mlaw.rs\\\/\"]}]}<\/script>\n<!-- \/ Yoast SEO plugin. -->","yoast_head_json":{"title":"Gleichzeitige deutsche und serbische Staatsb\u00fcrgerschaft: Jetzt m\u00f6glich! - Advokatska kancelarija Mom\u010dilovi\u0107 Stankovi\u0107","description":"Gleichzeitige deutsche und serbische Staatsb\u00fcrgerschaft ab jetzt m\u00f6glich. Erfahren Sie, wie Sie die deutsche und serbische Staatsb\u00fcrgerschaft gleichzeitig besitzen k\u00f6nnen","robots":{"index":"index","follow":"follow","max-snippet":"max-snippet:-1","max-image-preview":"max-image-preview:large","max-video-preview":"max-video-preview:-1"},"canonical":"https:\/\/mlaw.rs\/de\/mogucnost-dvojnog-drzavljanstva-nemacke-i-srbije\/","og_locale":"de_DE","og_type":"article","og_title":"Gleichzeitige deutsche und serbische Staatsb\u00fcrgerschaft: Jetzt m\u00f6glich! - Advokatska kancelarija Mom\u010dilovi\u0107 Stankovi\u0107","og_description":"Gleichzeitige deutsche und serbische Staatsb\u00fcrgerschaft ab jetzt m\u00f6glich. Erfahren Sie, wie Sie die deutsche und serbische Staatsb\u00fcrgerschaft gleichzeitig besitzen k\u00f6nnen","og_url":"https:\/\/mlaw.rs\/de\/mogucnost-dvojnog-drzavljanstva-nemacke-i-srbije\/","og_site_name":"Advokatska kancelarija Mom\u010dilovi\u0107 Stankovi\u0107","article_publisher":"https:\/\/www.facebook.com\/MomcilovicStankovic","article_published_time":"2024-05-30T17:07:03+00:00","article_modified_time":"2024-06-12T21:33:07+00:00","og_image":[{"width":1024,"height":681,"url":"https:\/\/mlaw.rs\/wp-content\/uploads\/2024\/05\/Screenshot-2024-05-30-at-19.05.08-1024x681.png","type":"image\/png"}],"author":"akm_admin","twitter_card":"summary_large_image","twitter_misc":{"Verfasst von":"akm_admin","Gesch\u00e4tzte Lesezeit":"4\u00a0Minuten"},"schema":{"@context":"https:\/\/schema.org","@graph":[{"@type":"Article","@id":"https:\/\/mlaw.rs\/de\/mogucnost-dvojnog-drzavljanstva-nemacke-i-srbije\/#article","isPartOf":{"@id":"https:\/\/mlaw.rs\/de\/mogucnost-dvojnog-drzavljanstva-nemacke-i-srbije\/"},"author":{"name":"akm_admin","@id":"https:\/\/mlaw.rs\/#\/schema\/person\/f86f5880a3de990090b53d7ff769c92c"},"headline":"Gleichzeitige deutsche und serbische Staatsb\u00fcrgerschaft: Jetzt m\u00f6glich!","datePublished":"2024-05-30T17:07:03+00:00","dateModified":"2024-06-12T21:33:07+00:00","mainEntityOfPage":{"@id":"https:\/\/mlaw.rs\/de\/mogucnost-dvojnog-drzavljanstva-nemacke-i-srbije\/"},"wordCount":786,"commentCount":0,"publisher":{"@id":"https:\/\/mlaw.rs\/#organization"},"image":{"@id":"https:\/\/mlaw.rs\/de\/mogucnost-dvojnog-drzavljanstva-nemacke-i-srbije\/#primaryimage"},"thumbnailUrl":"https:\/\/mlaw.rs\/wp-content\/uploads\/2024\/05\/Screenshot-2024-05-30-at-19.05.08.png","articleSection":["Vesti De"],"inLanguage":"de","potentialAction":[{"@type":"CommentAction","name":"Comment","target":["https:\/\/mlaw.rs\/de\/mogucnost-dvojnog-drzavljanstva-nemacke-i-srbije\/#respond"]}]},{"@type":"WebPage","@id":"https:\/\/mlaw.rs\/de\/mogucnost-dvojnog-drzavljanstva-nemacke-i-srbije\/","url":"https:\/\/mlaw.rs\/de\/mogucnost-dvojnog-drzavljanstva-nemacke-i-srbije\/","name":"Gleichzeitige deutsche und serbische Staatsb\u00fcrgerschaft: Jetzt m\u00f6glich! - Advokatska kancelarija Mom\u010dilovi\u0107 Stankovi\u0107","isPartOf":{"@id":"https:\/\/mlaw.rs\/#website"},"primaryImageOfPage":{"@id":"https:\/\/mlaw.rs\/de\/mogucnost-dvojnog-drzavljanstva-nemacke-i-srbije\/#primaryimage"},"image":{"@id":"https:\/\/mlaw.rs\/de\/mogucnost-dvojnog-drzavljanstva-nemacke-i-srbije\/#primaryimage"},"thumbnailUrl":"https:\/\/mlaw.rs\/wp-content\/uploads\/2024\/05\/Screenshot-2024-05-30-at-19.05.08.png","datePublished":"2024-05-30T17:07:03+00:00","dateModified":"2024-06-12T21:33:07+00:00","description":"Gleichzeitige deutsche und serbische Staatsb\u00fcrgerschaft ab jetzt m\u00f6glich. Erfahren Sie, wie Sie die deutsche und serbische Staatsb\u00fcrgerschaft gleichzeitig besitzen k\u00f6nnen","breadcrumb":{"@id":"https:\/\/mlaw.rs\/de\/mogucnost-dvojnog-drzavljanstva-nemacke-i-srbije\/#breadcrumb"},"inLanguage":"de","potentialAction":[{"@type":"ReadAction","target":["https:\/\/mlaw.rs\/de\/mogucnost-dvojnog-drzavljanstva-nemacke-i-srbije\/"]}]},{"@type":"ImageObject","inLanguage":"de","@id":"https:\/\/mlaw.rs\/de\/mogucnost-dvojnog-drzavljanstva-nemacke-i-srbije\/#primaryimage","url":"https:\/\/mlaw.rs\/wp-content\/uploads\/2024\/05\/Screenshot-2024-05-30-at-19.05.08.png","contentUrl":"https:\/\/mlaw.rs\/wp-content\/uploads\/2024\/05\/Screenshot-2024-05-30-at-19.05.08.png","width":2224,"height":1480},{"@type":"BreadcrumbList","@id":"https:\/\/mlaw.rs\/de\/mogucnost-dvojnog-drzavljanstva-nemacke-i-srbije\/#breadcrumb","itemListElement":[{"@type":"ListItem","position":1,"name":"\u041f\u043e\u0447\u0435\u0442\u043d\u0430","item":"https:\/\/mlaw.rs\/de\/"},{"@type":"ListItem","position":2,"name":"Gleichzeitige deutsche und serbische Staatsb\u00fcrgerschaft: Jetzt m\u00f6glich!"}]},{"@type":"WebSite","@id":"https:\/\/mlaw.rs\/#website","url":"https:\/\/mlaw.rs\/","name":"Advokatska kancelarija Mom\u010dilovi\u0107 Stankovi\u0107","description":"Advokatska kancelarija Mom\u010dilovi\u0107 Stankovi\u0107","publisher":{"@id":"https:\/\/mlaw.rs\/#organization"},"potentialAction":[{"@type":"SearchAction","target":{"@type":"EntryPoint","urlTemplate":"https:\/\/mlaw.rs\/?s={search_term_string}"},"query-input":{"@type":"PropertyValueSpecification","valueRequired":true,"valueName":"search_term_string"}}],"inLanguage":"de"},{"@type":"Organization","@id":"https:\/\/mlaw.rs\/#organization","name":"Advokatska kancelarija Mom\u010dilovi\u0107 Stankovi\u0107","url":"https:\/\/mlaw.rs\/","logo":{"@type":"ImageObject","inLanguage":"de","@id":"https:\/\/mlaw.rs\/#\/schema\/logo\/image\/","url":"https:\/\/mlaw.rs\/wp-content\/uploads\/2024\/01\/cropped-Screenshot-2024-01-06-at-12.41.19.png","contentUrl":"https:\/\/mlaw.rs\/wp-content\/uploads\/2024\/01\/cropped-Screenshot-2024-01-06-at-12.41.19.png","width":512,"height":512,"caption":"Advokatska kancelarija Mom\u010dilovi\u0107 Stankovi\u0107"},"image":{"@id":"https:\/\/mlaw.rs\/#\/schema\/logo\/image\/"},"sameAs":["https:\/\/www.facebook.com\/MomcilovicStankovic","https:\/\/www.linkedin.com\/company\/advokatska-kancelarija-mom\u010dilovi\u0107"]},{"@type":"Person","@id":"https:\/\/mlaw.rs\/#\/schema\/person\/f86f5880a3de990090b53d7ff769c92c","name":"akm_admin","image":{"@type":"ImageObject","inLanguage":"de","@id":"https:\/\/secure.gravatar.com\/avatar\/17dadfe47c2b24cccb017546a1fd6385055336206111d59d87ea66a51fa1162a?s=96&d=mm&r=g","url":"https:\/\/secure.gravatar.com\/avatar\/17dadfe47c2b24cccb017546a1fd6385055336206111d59d87ea66a51fa1162a?s=96&d=mm&r=g","contentUrl":"https:\/\/secure.gravatar.com\/avatar\/17dadfe47c2b24cccb017546a1fd6385055336206111d59d87ea66a51fa1162a?s=96&d=mm&r=g","caption":"akm_admin"},"sameAs":["https:\/\/mlaw.rs\/"]}]}},"_links":{"self":[{"href":"https:\/\/mlaw.rs\/de\/wp-json\/wp\/v2\/posts\/9496","targetHints":{"allow":["GET"]}}],"collection":[{"href":"https:\/\/mlaw.rs\/de\/wp-json\/wp\/v2\/posts"}],"about":[{"href":"https:\/\/mlaw.rs\/de\/wp-json\/wp\/v2\/types\/post"}],"author":[{"embeddable":true,"href":"https:\/\/mlaw.rs\/de\/wp-json\/wp\/v2\/users\/1"}],"replies":[{"embeddable":true,"href":"https:\/\/mlaw.rs\/de\/wp-json\/wp\/v2\/comments?post=9496"}],"version-history":[{"count":3,"href":"https:\/\/mlaw.rs\/de\/wp-json\/wp\/v2\/posts\/9496\/revisions"}],"predecessor-version":[{"id":9499,"href":"https:\/\/mlaw.rs\/de\/wp-json\/wp\/v2\/posts\/9496\/revisions\/9499"}],"wp:featuredmedia":[{"embeddable":true,"href":"https:\/\/mlaw.rs\/de\/wp-json\/wp\/v2\/media\/9488"}],"wp:attachment":[{"href":"https:\/\/mlaw.rs\/de\/wp-json\/wp\/v2\/media?parent=9496"}],"wp:term":[{"taxonomy":"category","embeddable":true,"href":"https:\/\/mlaw.rs\/de\/wp-json\/wp\/v2\/categories?post=9496"},{"taxonomy":"post_tag","embeddable":true,"href":"https:\/\/mlaw.rs\/de\/wp-json\/wp\/v2\/tags?post=9496"}],"curies":[{"name":"wp","href":"https:\/\/api.w.org\/{rel}","templated":true}]}}